{"id":6093,"date":"2021-01-25T08:00:51","date_gmt":"2021-01-25T12:00:51","guid":{"rendered":"https:\/\/tridentnewspaper.com\/?p=6093"},"modified":"2021-01-25T14:06:35","modified_gmt":"2021-01-25T18:06:35","slug":"bell-lets-talk-day-2","status":"publish","type":"post","link":"https:\/\/tridentnewspaper.com\/fr\/bell-lets-talk-day-2\/","title":{"rendered":"Bell Let&#8217;s Talk Day"},"content":{"rendered":"<figure id=\"attachment_6094\" aria-describedby=\"caption-attachment-6094\" style=\"width: 3423px\" class=\"wp-caption alignnone\"><img loading=\"lazy\" decoding=\"async\" class=\"size-full wp-image-6094\" src=\"https:\/\/tridentnewspaper.com\/wp-content\/uploads\/2021\/01\/2020-BLTD-Event-EAP-Kiosk-2.jpg\" alt=\"\" width=\"3423\" height=\"2132\" srcset=\"https:\/\/tridentnewspaper.com\/wp-content\/uploads\/2021\/01\/2020-BLTD-Event-EAP-Kiosk-2.jpg 3423w, https:\/\/tridentnewspaper.com\/wp-content\/uploads\/2021\/01\/2020-BLTD-Event-EAP-Kiosk-2-300x187.jpg 300w, https:\/\/tridentnewspaper.com\/wp-content\/uploads\/2021\/01\/2020-BLTD-Event-EAP-Kiosk-2-768x478.jpg 768w, https:\/\/tridentnewspaper.com\/wp-content\/uploads\/2021\/01\/2020-BLTD-Event-EAP-Kiosk-2-1024x638.jpg 1024w, https:\/\/tridentnewspaper.com\/wp-content\/uploads\/2021\/01\/2020-BLTD-Event-EAP-Kiosk-2-650x405.jpg 650w\" sizes=\"(max-width: 3423px) 100vw, 3423px\" \/><figcaption id=\"caption-attachment-6094\" class=\"wp-caption-text\">Erin Welcher, left, and Tammy Kline\u00a0<span style=\"font-weight: 400;\">of the Employment Assistance Program (EAP) team in January 2020 during the CFB Halifax Bell Let\u2019s Talk event on postpartum depression and mental health. SUBMITTED.<\/span><\/figcaption><\/figure>\n<h3><b>When it comes to mental health, now more than ever, every action counts<\/b><\/h3>\n<p><strong>Par Elizabeth Sharpe,\u00a0<\/strong><br \/>\n<span style=\"font-weight: 400;\">Base Public Affairs Intern<\/span><\/p>\n<p><span style=\"font-weight: 400;\">Did you know that January 28, 2021, will mark the 11<\/span><span style=\"font-weight: 400;\">.<\/span><span style=\"font-weight: 400;\"> Bell Let\u2019s Talk Day? On this day, Bell will donate towards mental health initiatives in Canada by contributing 5\u00a2 for every applicable text, call, tweet or TikTok using #BellLetsTalk, social media video views and use of the Bell Let\u2019s Talk Facebook frame or Snapchat filter. <\/span><span style=\"font-weight: 400;\">By learning more about mental health, we can all help reduce the stigma of mental illness in our workplace, our homes and our communities. The theme for this year\u2019s campaign is \u201cWhen it comes to mental health \u2013 now more than ever \u2013 every action counts\u201d. <\/span><span style=\"font-weight: 400;\">So, how can you get involved?<\/span><\/p>\n<ol>\n<li style=\"font-weight: 400;\"><span style=\"font-weight: 400;\">Keep an eye on our CFB Halifax social media accounts <\/span><span style=\"font-weight: 400;\">in the lead-up to Bell Let\u2019s Talk Day, as we will be sharing useful mental health resources available to our Defence Team members and their families;\u00a0<\/span><\/li>\n<li style=\"font-weight: 400;\"><span style=\"font-weight: 400;\">Register for the Government of Canada Bell Let\u2019s Talk Day 2021 virtual webcast: <\/span><a href=\"https:\/\/csps.gc.ca\/events\/bell-letstalk2021\/index-eng.aspx\"><span style=\"font-weight: 400;\">https:\/\/csps.gc.ca\/events\/bell-letstalk2021\/index-eng.aspx<\/span><\/a><span style=\"font-weight: 400;\">;\u00a0<\/span><\/li>\n<li style=\"font-weight: 400;\"><span style=\"font-weight: 400;\">Celebrate Bell Let\u2019s Talk Day with CFB Halifax by joining us virtually as we raise the Bell Let\u2019s Talk flag on January 28 at 8:00 am AST:<\/span> <a href=\"https:\/\/bit.ly\/3nXt4Hm\"><span style=\"font-weight: 400;\">https:\/\/bit.ly\/3nXt4Hm<\/span><span style=\"font-weight: 400;\">\u00a0<\/span><\/a><\/li>\n<li style=\"font-weight: 400;\"><span style=\"font-weight: 400;\">Send the CFB Halifax Public Affairs team (at <\/span><a href=\"mailto:CFBHalifaxPublicAffairs@forces.gc.ca\"><span style=\"font-weight: 400;\">CFBHalifaxPublicAffairs@forces.gc.ca<\/span><\/a><span style=\"font-weight: 400;\">) <\/span><span style=\"font-weight: 400;\">photos of you wearing Bell toques (or other Bell Let\u2019s Talk swag) telling us about what mental health means to you. We will be happy to share your photos on our social media channels;\u00a0<\/span><\/li>\n<li style=\"font-weight: 400;\"><span style=\"font-weight: 400;\">On January 28, send out<\/span><span style=\"font-weight: 400;\"> texts, calls, tweets or TikToks using #BellLetsTalk, watch social media Bell Let\u2019s Talk videos and use the Bell Let\u2019s Talk Facebook frame or Snapchat filter; <\/span><span style=\"font-weight: 400;\">et<\/span><\/li>\n<li style=\"font-weight: 400;\"><span style=\"font-weight: 400;\">Visit the Bell Let\u2019s Talk website to know more about how you can help yourself and others who may be suffering: <\/span><a href=\"https:\/\/letstalk.bell.ca\/en\/ways-to-help\"><span style=\"font-weight: 400;\">https:\/\/letstalk.bell.ca\/en\/ways-to-help<\/span><\/a><span style=\"font-weight: 400;\">.\u00a0<\/span><\/li>\n<\/ol>\n<p>We commend Bell for their ongoing leadership and work in raising awareness of mental health issues through their Bell Let\u2019s Talk campaign. Together, the Defence Team and its partners can help break down the barriers to mental health care both in the Canadian Armed Forces and the Canadian population at large.<\/p>\n<p><b>Mental Health Resources &amp; Supports<\/b><\/p>\n<p>The COVID-19 pandemic has resulted in a high degree of uncertainty and disruption to our lives, and it is not unusual to feel a heightened degree of anxiety and worry. As we look ahead to Bell Let\u2019s Talk Day, we\u2019d like to remind all members of our local Defence community\u2013both military and civilian\u2013of the mental health resources and supports available to you and your family year-round.<\/p>\n<ol>\n<li style=\"font-weight: 400;\"><span style=\"font-weight: 400;\">Mental health resources at CFB Halifax: <\/span><a href=\"http:\/\/bit.ly\/3stVvAq\"><span style=\"font-weight: 400;\">http:\/\/bit.ly\/3stVvAq<\/span><span style=\"font-weight: 400;\">\u00a0<\/span><\/a><\/li>\n<li style=\"font-weight: 400;\"><span style=\"font-weight: 400;\">Video: Tips for Maintaining Mental Health during COVID-19: <\/span><a href=\"http:\/\/bit.ly\/2XCn6Rw\"><span style=\"font-weight: 400;\">http:\/\/bit.ly\/2XCn6Rw<\/span><span style=\"font-weight: 400;\">\u00a0<\/span><\/a><\/li>\n<li style=\"font-weight: 400;\"><span style=\"font-weight: 400;\">Video: Taking Care of Your Mental Health: Resources for Defence Team Members and Their Families: <\/span><a href=\"http:\/\/bit.ly\/3qytohJ\"><span style=\"font-weight: 400;\">http:\/\/bit.ly\/3qytohJ<\/span><span style=\"font-weight: 400;\">\u00a0<\/span><\/a><\/li>\n<li style=\"font-weight: 400;\"><span style=\"font-weight: 400;\">Defence Team COVID-19 mental health and wellness web page: <\/span><a href=\"http:\/\/bit.ly\/3idekD2\"><span style=\"font-weight: 400;\">http:\/\/bit.ly\/3idekD2<\/span><\/a><\/li>\n<li style=\"font-weight: 400;\"><span style=\"font-weight: 400;\">Government of Canada mental health and wellness web page: <\/span><a href=\"http:\/\/bit.ly\/3oXp1fL\"><span style=\"font-weight: 400;\">http:\/\/bit.ly\/3oXp1fL<\/span><span style=\"font-weight: 400;\">\u00a0<\/span><\/a><\/li>\n<li style=\"font-weight: 400;\"><span style=\"font-weight: 400;\">Nova Scotia Government mental health and wellbeing web page: <\/span><a href=\"http:\/\/bit.ly\/38GYeOO\"><span style=\"font-weight: 400;\">http:\/\/bit.ly\/38GYeOO<\/span><span style=\"font-weight: 400;\">\u00a0<\/span><\/a><\/li>\n<\/ol>\n<p>Don\u2019t suffer in silence. CFB Halifax encourages all leaders, members and their families to recognize the signs of mental illness and seek help for themselves or their loved ones. The best chance for recovery is seeking care early.<\/p>\n<p><img loading=\"lazy\" decoding=\"async\" class=\"size-full wp-image-6095 aligncenter\" src=\"https:\/\/tridentnewspaper.com\/wp-content\/uploads\/2021\/01\/DGM-81220-WXJ_BellLetsTalk_WebBanner_700x170-EN.jpg\" alt=\"\" width=\"700\" height=\"170\" srcset=\"https:\/\/tridentnewspaper.com\/wp-content\/uploads\/2021\/01\/DGM-81220-WXJ_BellLetsTalk_WebBanner_700x170-EN.jpg 700w, https:\/\/tridentnewspaper.com\/wp-content\/uploads\/2021\/01\/DGM-81220-WXJ_BellLetsTalk_WebBanner_700x170-EN-300x73.jpg 300w, https:\/\/tridentnewspaper.com\/wp-content\/uploads\/2021\/01\/DGM-81220-WXJ_BellLetsTalk_WebBanner_700x170-EN-650x158.jpg 650w\" sizes=\"(max-width: 700px) 100vw, 700px\" \/><\/p>\n<hr \/>\n<h3><b>En sant\u00e9 mentale, maintenant plus que jamais, chaque geste compte!<\/b><\/h3>\n<p><strong>Elizabeth Sharpe,<\/strong><br \/>\nStagiaire des affaires publiques de la base<\/p>\n<p><span style=\"font-weight: 400;\">Saviez-vous que ce 28 janvier 2021 marquera la 11<\/span><span style=\"font-weight: 400;\">e<\/span><span style=\"font-weight: 400;\">\u00a0Journ\u00e9e Bell Cause pour la cause<\/span><span style=\"font-weight: 400;\">? <\/span><span style=\"font-weight: 400;\">Ce jour-l\u00e0, Bell versera 5 cents \u00e0 des initiatives canadiennes en sant\u00e9 mentale pour chaque texto, chaque appel et chaque vid\u00e9o TikTok pertinents, mais \u00e9galement pour chaque gazouillis affichant le mot-clic #BellCause<\/span><span style=\"font-weight: 400;\">, chaque visionnement de la vid\u00e9o officielle sur les m\u00e9dias sociaux et chaque utilisation du cadre Facebook ou du filtre Snapchat Bell Cause pour la cause. <\/span><span style=\"font-weight: 400;\">En en apprenant davantage sur la sant\u00e9 mentale, nous pouvons tous contribuer \u00e0 r\u00e9duire la stigmatisation de la maladie mentale dans notre milieu de travail, nos foyers et notre soci\u00e9t\u00e9. \u00ab\u00a0En sant\u00e9 mentale, maintenant plus que jamais, chaque geste compte\u00a0\u00bb, tel est le th\u00e8me de la campagne de cette ann\u00e9e. Alors, comment pouvez-vous y participer<\/span><span style=\"font-weight: 400;\">?<\/span><\/p>\n<ol>\n<li style=\"font-weight: 400;\"><span style=\"font-weight: 400;\">\u00c0 l\u2019approche de la Journ\u00e9e Bell Cause, gardez un \u0153il sur les comptes de m\u00e9dias sociaux de la BFC Halifax<\/span><span style=\"font-weight: 400;\">, <\/span><span style=\"font-weight: 400;\">o\u00f9 nous proposerons des ressources utiles en mati\u00e8re de sant\u00e9 mentale aux membres de notre \u00c9quipe de la D\u00e9fense et de leur famille.<\/span><span style=\"font-weight: 400;\">\u00a0<\/span><\/li>\n<li style=\"font-weight: 400;\"><span style=\"font-weight: 400;\">Inscrivez-vous \u00e0 la webdiffusion virtuelle de la Journ\u00e9e Bell Cause pour la cause 2021 du gouvernement du Canada <\/span><span style=\"font-weight: 400;\">: <\/span><a href=\"https:\/\/csps.gc.ca\/events\/bell-letstalk2021\/index-fra.aspx.\"><span style=\"font-weight: 400;\">https:\/\/csps.gc.ca\/events\/bell-letstalk2021\/index-fra.aspx<\/span><span style=\"font-weight: 400;\">.<\/span><\/a><\/li>\n<li style=\"font-weight: 400;\"><span style=\"font-weight: 400;\">C\u00e9l\u00e9brez la Journ\u00e9e Bell Cause pour la cause avec la BFC Halifax en vous joignant virtuellement \u00e0 nous pour le lever du drapeau <\/span><span style=\"font-weight: 400;\">Bell Cause le 28 janvier \u00e0 8 h (HNA)\u00a0:<\/span> <a href=\"about:blank\"><span style=\"font-weight: 400;\">https:\/\/bit.ly\/3nXt4Hm<\/span><\/a><\/li>\n<li style=\"font-weight: 400;\"><span style=\"font-weight: 400;\">Envoyez \u00e0 l\u2019\u00e9quipe des Affaires publiques de la BFC Halifax (\u00e0 l\u2019adresse <\/span><a href=\"mailto:CFBHalifaxPublicAffairs@forces.gc.ca\"><span style=\"font-weight: 400;\">CFBHalifaxPublicAffairs@forces.gc.ca<\/span><\/a><span style=\"font-weight: 400;\">) <\/span><span style=\"font-weight: 400;\">des photos de vous portant des tuques Bell Cause (ou un autre article de Bell Cause pour la cause) et expliquez-nous ce que la sant\u00e9 mentale signifie pour vous. Nous serons heureux de publier vos photos sur nos m\u00e9dias sociaux.<\/span><\/li>\n<li style=\"font-weight: 400;\"><span style=\"font-weight: 400;\">Le 28 janvier, utilisez le mot-clic #BellCause dans vos textos, appels, gazouillis ou vid\u00e9os <\/span><span style=\"font-weight: 400;\">TikTok, <\/span><span style=\"font-weight: 400;\">visionnez des vid\u00e9os Bell Cause sur les r\u00e9seaux sociaux et utilisez le cadre Facebook ou le filtre Snapchat Bell Cause pour la cause<\/span><span style=\"font-weight: 400;\">.\u00a0<\/span><\/li>\n<li style=\"font-weight: 400;\"><span style=\"font-weight: 400;\">Consultez le site Web de Bell Cause pour la cause pour en savoir davantage sur la fa\u00e7on dont vous pouvez vous aider vous-m\u00eame et aider d\u2019autres personnes qui pourraient souffrir : <\/span><span style=\"font-weight: 400;\">https:\/\/cause.bell.ca\/fr\/facon-aider<\/span><span style=\"font-weight: 400;\">.\u00a0<\/span><\/li>\n<\/ol>\n<p>Nous f\u00e9licitons Bell pour son leadership et son travail de sensibilisation aux questions de sant\u00e9 mentale dans le cadre de sa campagne Bell Cause pour la cause. Ensemble, l\u2019\u00c9quipe de la D\u00e9fense et ses partenaires peuvent aider \u00e0 \u00e9liminer les obstacles aux soins de sant\u00e9 mentale tant dans les Forces arm\u00e9es canadiennes que dans la population canadienne en g\u00e9n\u00e9ral.<\/p>\n<p><b>Ressources et le soutien en sant\u00e9 mentale<\/b><\/p>\n<p>La pand\u00e9mie de COVID-19 a caus\u00e9 un niveau \u00e9lev\u00e9 d\u2019incertitude et a perturb\u00e9 nos vies. Il n\u2019est pas inhabituel de ressentir un degr\u00e9 accru d\u2019anxi\u00e9t\u00e9 et d\u2019inqui\u00e9tude. En pr\u00e9vision de la Journ\u00e9e Bell Cause, nous tenons \u00e0 rappeler \u00e0 tous les membres de la D\u00e9fense \u00e0 l\u2019\u00e9chelle locale, militaires et civils, les ressources et le soutien en sant\u00e9 mentale qui sont \u00e0 leur disposition et \u00e0 celle de leur famille tout au long de l\u2019ann\u00e9e.<\/p>\n<ol>\n<li style=\"font-weight: 400;\"><span style=\"font-weight: 400;\">Ressources en sant\u00e9 mentale \u00e0 la BFC Halifax : <\/span><a href=\"about:blank\"><span style=\"font-weight: 400;\">http:\/\/bit.ly\/3stVvAq<\/span><\/a><span style=\"font-weight: 400;\">\u00a0<\/span><\/li>\n<li style=\"font-weight: 400;\"><span style=\"font-weight: 400;\">Vid\u00e9o : Conseils sur le maintien de la sant\u00e9 mentale en p\u00e9riode de COVID-19 : <\/span><a href=\"about:blank\"><span style=\"font-weight: 400;\">http:\/\/bit.ly\/2XCn6Rw<\/span><\/a><span style=\"font-weight: 400;\">\u00a0<\/span><\/li>\n<li style=\"font-weight: 400;\"><span style=\"font-weight: 400;\">Vid\u00e9o : Prendre soin de sa sant\u00e9 mentale : Ressources pour les membres de l\u2019\u00c9quipe de la D\u00e9fense et leur famille : <\/span><a href=\"about:blank\"><span style=\"font-weight: 400;\">http:\/\/bit.ly\/3qytohJ<\/span><\/a><span style=\"font-weight: 400;\">\u00a0<\/span><\/li>\n<li style=\"font-weight: 400;\"><span style=\"font-weight: 400;\">Page Web de l\u2019\u00c9quipe de la D\u00e9fense sur la sant\u00e9 mentale et le bien-\u00eatre en p\u00e9riode de COVID-19\u00a0: <\/span><a href=\"about:blank\"><span style=\"font-weight: 400;\">http:\/\/bit.ly\/3idekD2<\/span><\/a><\/li>\n<li style=\"font-weight: 400;\"><span style=\"font-weight: 400;\">Page Web du gouvernement du Canada sur la sant\u00e9 mentale et le bien-\u00eatre\u00a0: <\/span><a href=\"about:blank\"><span style=\"font-weight: 400;\">http:\/\/bit.ly\/3oXp1fL<\/span><\/a><span style=\"font-weight: 400;\">\u00a0<\/span><\/li>\n<li style=\"font-weight: 400;\"><span style=\"font-weight: 400;\">Page Web du gouvernement de la Nouvelle-\u00c9cosse sur la sant\u00e9 mentale et le bien-\u00eatre\u00a0: <\/span><a href=\"about:blank\"><span style=\"font-weight: 400;\">http:\/\/bit.ly\/38GYeOO<\/span><\/a><span style=\"font-weight: 400;\">\u00a0<\/span><\/li>\n<\/ol>\n<p><span style=\"font-weight: 400;\">Ne souffrez pas en silence. La BFC Halifax encourage les dirigeants, les militaires et leur famille \u00e0 reconna\u00eetre les signes de maladie mentale et \u00e0 demander de l\u2019aide pour eux-m\u00eames ou leurs proches. Pour avoir de meilleures chances de vous r\u00e9tablir, vous devez chercher \u00e0 vous soigner rapidement. <\/span><\/p>","protected":false},"excerpt":{"rendered":"<p>When it comes to mental health, now more than ever, every action counts By Elizabeth Sharpe,\u00a0 Base Public Affairs Intern Did you know that January 28, 2021, will mark the 11th Bell Let\u2019s Talk Day? On this day, Bell will donate towards mental health initiatives in Canada by contributing 5\u00a2 [&hellip;]<\/p>","protected":false},"author":2,"featured_media":6094,"comment_status":"closed","ping_status":"closed","sticky":false,"template":"","format":"standard","meta":{"_monsterinsights_skip_tracking":false,"_monsterinsights_sitenote_active":false,"_monsterinsights_sitenote_note":"","_monsterinsights_sitenote_category":0,"jetpack_post_was_ever_published":false,"_jetpack_newsletter_access":"","_jetpack_dont_email_post_to_subs":false,"_jetpack_newsletter_tier_id":0,"_jetpack_memberships_contains_paywalled_content":false,"footnotes":"","_jetpack_memberships_contains_paid_content":false,"jetpack_publicize_message":"","jetpack_publicize_feature_enabled":true,"jetpack_social_post_already_shared":true,"jetpack_social_options":{"image_generator_settings":{"template":"highway","enabled":false}}},"categories":[13],"tags":[],"jetpack_publicize_connections":[],"yoast_head":"<!-- This site is optimized with the Yoast SEO plugin v22.6 - https:\/\/yoast.com\/wordpress\/plugins\/seo\/ -->\n<title>Bell Let&#039;s Talk Day | Trident Newspaper<\/title>\n<meta name=\"robots\" content=\"index, follow, max-snippet:-1, max-image-preview:large, max-video-preview:-1\" \/>\n<link rel=\"canonical\" href=\"https:\/\/tridentnewspaper.com\/fr\/bell-lets-talk-day-2\/\" \/>\n<meta property=\"og:locale\" content=\"fr_CA\" \/>\n<meta property=\"og:type\" content=\"article\" \/>\n<meta property=\"og:title\" content=\"Bell Let&#039;s Talk Day | Trident Newspaper\" \/>\n<meta property=\"og:description\" content=\"When it comes to mental health, now more than ever, every action counts By Elizabeth Sharpe,\u00a0 Base Public Affairs Intern Did you know that January 28, 2021, will mark the 11th Bell Let\u2019s Talk Day? On this day, Bell will donate towards mental health initiatives in Canada by contributing 5\u00a2 [&hellip;]\" \/>\n<meta property=\"og:url\" content=\"https:\/\/tridentnewspaper.com\/fr\/bell-lets-talk-day-2\/\" \/>\n<meta property=\"og:site_name\" content=\"Trident Newspaper\" \/>\n<meta property=\"article:publisher\" content=\"https:\/\/www.facebook.com\/Trident-News-202801813483\/\" \/>\n<meta property=\"article:published_time\" content=\"2021-01-25T12:00:51+00:00\" \/>\n<meta property=\"article:modified_time\" content=\"2021-01-25T18:06:35+00:00\" \/>\n<meta property=\"og:image\" content=\"https:\/\/tridentnewspaper.com\/wp-content\/uploads\/2021\/01\/2020-BLTD-Event-EAP-Kiosk-2.jpg\" \/>\n\t<meta property=\"og:image:width\" content=\"3423\" \/>\n\t<meta property=\"og:image:height\" content=\"2132\" \/>\n\t<meta property=\"og:image:type\" content=\"image\/jpeg\" \/>\n<meta name=\"author\" content=\"Trident Newspaper\" \/>\n<meta name=\"twitter:card\" content=\"summary_large_image\" \/>\n<meta name=\"twitter:creator\" content=\"@trident_news\" \/>\n<meta name=\"twitter:site\" content=\"@trident_news\" \/>\n<meta name=\"twitter:label1\" content=\"\u00c9crit par\" \/>\n\t<meta name=\"twitter:data1\" content=\"Trident Newspaper\" \/>\n\t<meta name=\"twitter:label2\" content=\"Estimation du temps de lecture\" \/>\n\t<meta name=\"twitter:data2\" content=\"7 minutes\" \/>\n<script type=\"application\/ld+json\" class=\"yoast-schema-graph\">{\"@context\":\"https:\/\/schema.org\",\"@graph\":[{\"@type\":\"Article\",\"@id\":\"https:\/\/tridentnewspaper.com\/bell-lets-talk-day-2\/#article\",\"isPartOf\":{\"@id\":\"https:\/\/tridentnewspaper.com\/bell-lets-talk-day-2\/\"},\"author\":{\"name\":\"Trident Newspaper\",\"@id\":\"https:\/\/tridentnewspaper.com\/#\/schema\/person\/f2244041a2dc6ebaa632ca1757e0c043\"},\"headline\":\"Bell Let&#8217;s Talk Day\",\"datePublished\":\"2021-01-25T12:00:51+00:00\",\"dateModified\":\"2021-01-25T18:06:35+00:00\",\"mainEntityOfPage\":{\"@id\":\"https:\/\/tridentnewspaper.com\/bell-lets-talk-day-2\/\"},\"wordCount\":1331,\"publisher\":{\"@id\":\"https:\/\/tridentnewspaper.com\/#organization\"},\"image\":{\"@id\":\"https:\/\/tridentnewspaper.com\/bell-lets-talk-day-2\/#primaryimage\"},\"thumbnailUrl\":\"https:\/\/tridentnewspaper.com\/wp-content\/uploads\/2021\/01\/2020-BLTD-Event-EAP-Kiosk-2.jpg\",\"articleSection\":[\"News\"],\"inLanguage\":\"fr-CA\"},{\"@type\":\"WebPage\",\"@id\":\"https:\/\/tridentnewspaper.com\/bell-lets-talk-day-2\/\",\"url\":\"https:\/\/tridentnewspaper.com\/bell-lets-talk-day-2\/\",\"name\":\"Bell Let's Talk Day | Trident Newspaper\",\"isPartOf\":{\"@id\":\"https:\/\/tridentnewspaper.com\/#website\"},\"primaryImageOfPage\":{\"@id\":\"https:\/\/tridentnewspaper.com\/bell-lets-talk-day-2\/#primaryimage\"},\"image\":{\"@id\":\"https:\/\/tridentnewspaper.com\/bell-lets-talk-day-2\/#primaryimage\"},\"thumbnailUrl\":\"https:\/\/tridentnewspaper.com\/wp-content\/uploads\/2021\/01\/2020-BLTD-Event-EAP-Kiosk-2.jpg\",\"datePublished\":\"2021-01-25T12:00:51+00:00\",\"dateModified\":\"2021-01-25T18:06:35+00:00\",\"breadcrumb\":{\"@id\":\"https:\/\/tridentnewspaper.com\/bell-lets-talk-day-2\/#breadcrumb\"},\"inLanguage\":\"fr-CA\",\"potentialAction\":[{\"@type\":\"ReadAction\",\"target\":[\"https:\/\/tridentnewspaper.com\/bell-lets-talk-day-2\/\"]}]},{\"@type\":\"ImageObject\",\"inLanguage\":\"fr-CA\",\"@id\":\"https:\/\/tridentnewspaper.com\/bell-lets-talk-day-2\/#primaryimage\",\"url\":\"https:\/\/tridentnewspaper.com\/wp-content\/uploads\/2021\/01\/2020-BLTD-Event-EAP-Kiosk-2.jpg\",\"contentUrl\":\"https:\/\/tridentnewspaper.com\/wp-content\/uploads\/2021\/01\/2020-BLTD-Event-EAP-Kiosk-2.jpg\",\"width\":3423,\"height\":2132,\"caption\":\"Erin Welcher and Tammy Kline of the Employment Assistance Program were on site at Tribute Tower, Canadian Forces Base Halifax to provide information at the Bell Lett\u2019s Talk event, January 29, 2020, in Halifax, NS. Photo: Cpl Cheryl Clark, Canadian Armed Forces Photo HS36-2020-0014-002\"},{\"@type\":\"BreadcrumbList\",\"@id\":\"https:\/\/tridentnewspaper.com\/bell-lets-talk-day-2\/#breadcrumb\",\"itemListElement\":[{\"@type\":\"ListItem\",\"position\":1,\"name\":\"Home\",\"item\":\"https:\/\/tridentnewspaper.com\/\"},{\"@type\":\"ListItem\",\"position\":2,\"name\":\"Bell Let&#8217;s Talk Day\"}]},{\"@type\":\"WebSite\",\"@id\":\"https:\/\/tridentnewspaper.com\/#website\",\"url\":\"https:\/\/tridentnewspaper.com\/\",\"name\":\"Trident Newspaper\",\"description\":\"CFB Halifax Trident Navy Newspaper\",\"publisher\":{\"@id\":\"https:\/\/tridentnewspaper.com\/#organization\"},\"potentialAction\":[{\"@type\":\"SearchAction\",\"target\":{\"@type\":\"EntryPoint\",\"urlTemplate\":\"https:\/\/tridentnewspaper.com\/?s={search_term_string}\"},\"query-input\":\"required name=search_term_string\"}],\"inLanguage\":\"fr-CA\"},{\"@type\":\"Organization\",\"@id\":\"https:\/\/tridentnewspaper.com\/#organization\",\"name\":\"Trident Newspaper\",\"url\":\"https:\/\/tridentnewspaper.com\/\",\"logo\":{\"@type\":\"ImageObject\",\"inLanguage\":\"fr-CA\",\"@id\":\"https:\/\/tridentnewspaper.com\/#\/schema\/logo\/image\/\",\"url\":\"https:\/\/tridentnewspaper.com\/wp-content\/uploads\/2017\/01\/Trident_Masthead_New_med.png\",\"contentUrl\":\"https:\/\/tridentnewspaper.com\/wp-content\/uploads\/2017\/01\/Trident_Masthead_New_med.png\",\"width\":719,\"height\":181,\"caption\":\"Trident Newspaper\"},\"image\":{\"@id\":\"https:\/\/tridentnewspaper.com\/#\/schema\/logo\/image\/\"},\"sameAs\":[\"https:\/\/www.facebook.com\/Trident-News-202801813483\/\",\"https:\/\/x.com\/trident_news\"]},{\"@type\":\"Person\",\"@id\":\"https:\/\/tridentnewspaper.com\/#\/schema\/person\/f2244041a2dc6ebaa632ca1757e0c043\",\"name\":\"Trident Newspaper\",\"image\":{\"@type\":\"ImageObject\",\"inLanguage\":\"fr-CA\",\"@id\":\"https:\/\/tridentnewspaper.com\/#\/schema\/person\/image\/\",\"url\":\"https:\/\/secure.gravatar.com\/avatar\/5793502ed1c3841a15ddc3609d2408cc?s=96&d=blank&r=g\",\"contentUrl\":\"https:\/\/secure.gravatar.com\/avatar\/5793502ed1c3841a15ddc3609d2408cc?s=96&d=blank&r=g\",\"caption\":\"Trident Newspaper\"},\"url\":\"https:\/\/tridentnewspaper.com\/fr\/author\/tridentnews\/\"}]}<\/script>\n<!-- \/ Yoast SEO plugin. -->","yoast_head_json":{"title":"Bell Let's Talk Day | Trident Newspaper","robots":{"index":"index","follow":"follow","max-snippet":"max-snippet:-1","max-image-preview":"max-image-preview:large","max-video-preview":"max-video-preview:-1"},"canonical":"https:\/\/tridentnewspaper.com\/fr\/bell-lets-talk-day-2\/","og_locale":"fr_CA","og_type":"article","og_title":"Bell Let's Talk Day | Trident Newspaper","og_description":"When it comes to mental health, now more than ever, every action counts By Elizabeth Sharpe,\u00a0 Base Public Affairs Intern Did you know that January 28, 2021, will mark the 11th Bell Let\u2019s Talk Day? On this day, Bell will donate towards mental health initiatives in Canada by contributing 5\u00a2 [&hellip;]","og_url":"https:\/\/tridentnewspaper.com\/fr\/bell-lets-talk-day-2\/","og_site_name":"Trident Newspaper","article_publisher":"https:\/\/www.facebook.com\/Trident-News-202801813483\/","article_published_time":"2021-01-25T12:00:51+00:00","article_modified_time":"2021-01-25T18:06:35+00:00","og_image":[{"width":3423,"height":2132,"url":"https:\/\/tridentnewspaper.com\/wp-content\/uploads\/2021\/01\/2020-BLTD-Event-EAP-Kiosk-2.jpg","type":"image\/jpeg"}],"author":"Trident Newspaper","twitter_card":"summary_large_image","twitter_creator":"@trident_news","twitter_site":"@trident_news","twitter_misc":{"\u00c9crit par":"Trident Newspaper","Estimation du temps de lecture":"7 minutes"},"schema":{"@context":"https:\/\/schema.org","@graph":[{"@type":"Article","@id":"https:\/\/tridentnewspaper.com\/bell-lets-talk-day-2\/#article","isPartOf":{"@id":"https:\/\/tridentnewspaper.com\/bell-lets-talk-day-2\/"},"author":{"name":"Trident Newspaper","@id":"https:\/\/tridentnewspaper.com\/#\/schema\/person\/f2244041a2dc6ebaa632ca1757e0c043"},"headline":"Bell Let&#8217;s Talk Day","datePublished":"2021-01-25T12:00:51+00:00","dateModified":"2021-01-25T18:06:35+00:00","mainEntityOfPage":{"@id":"https:\/\/tridentnewspaper.com\/bell-lets-talk-day-2\/"},"wordCount":1331,"publisher":{"@id":"https:\/\/tridentnewspaper.com\/#organization"},"image":{"@id":"https:\/\/tridentnewspaper.com\/bell-lets-talk-day-2\/#primaryimage"},"thumbnailUrl":"https:\/\/tridentnewspaper.com\/wp-content\/uploads\/2021\/01\/2020-BLTD-Event-EAP-Kiosk-2.jpg","articleSection":["News"],"inLanguage":"fr-CA"},{"@type":"WebPage","@id":"https:\/\/tridentnewspaper.com\/bell-lets-talk-day-2\/","url":"https:\/\/tridentnewspaper.com\/bell-lets-talk-day-2\/","name":"Bell Let's Talk Day | Trident Newspaper","isPartOf":{"@id":"https:\/\/tridentnewspaper.com\/#website"},"primaryImageOfPage":{"@id":"https:\/\/tridentnewspaper.com\/bell-lets-talk-day-2\/#primaryimage"},"image":{"@id":"https:\/\/tridentnewspaper.com\/bell-lets-talk-day-2\/#primaryimage"},"thumbnailUrl":"https:\/\/tridentnewspaper.com\/wp-content\/uploads\/2021\/01\/2020-BLTD-Event-EAP-Kiosk-2.jpg","datePublished":"2021-01-25T12:00:51+00:00","dateModified":"2021-01-25T18:06:35+00:00","breadcrumb":{"@id":"https:\/\/tridentnewspaper.com\/bell-lets-talk-day-2\/#breadcrumb"},"inLanguage":"fr-CA","potentialAction":[{"@type":"ReadAction","target":["https:\/\/tridentnewspaper.com\/bell-lets-talk-day-2\/"]}]},{"@type":"ImageObject","inLanguage":"fr-CA","@id":"https:\/\/tridentnewspaper.com\/bell-lets-talk-day-2\/#primaryimage","url":"https:\/\/tridentnewspaper.com\/wp-content\/uploads\/2021\/01\/2020-BLTD-Event-EAP-Kiosk-2.jpg","contentUrl":"https:\/\/tridentnewspaper.com\/wp-content\/uploads\/2021\/01\/2020-BLTD-Event-EAP-Kiosk-2.jpg","width":3423,"height":2132,"caption":"Erin Welcher and Tammy Kline of the Employment Assistance Program were on site at Tribute Tower, Canadian Forces Base Halifax to provide information at the Bell Lett\u2019s Talk event, January 29, 2020, in Halifax, NS. Photo: Cpl Cheryl Clark, Canadian Armed Forces Photo HS36-2020-0014-002"},{"@type":"BreadcrumbList","@id":"https:\/\/tridentnewspaper.com\/bell-lets-talk-day-2\/#breadcrumb","itemListElement":[{"@type":"ListItem","position":1,"name":"Home","item":"https:\/\/tridentnewspaper.com\/"},{"@type":"ListItem","position":2,"name":"Bell Let&#8217;s Talk Day"}]},{"@type":"WebSite","@id":"https:\/\/tridentnewspaper.com\/#website","url":"https:\/\/tridentnewspaper.com\/","name":"Trident Newspaper","description":"CFB Halifax Trident Navy Newspaper","publisher":{"@id":"https:\/\/tridentnewspaper.com\/#organization"},"potentialAction":[{"@type":"SearchAction","target":{"@type":"EntryPoint","urlTemplate":"https:\/\/tridentnewspaper.com\/?s={search_term_string}"},"query-input":"required name=search_term_string"}],"inLanguage":"fr-CA"},{"@type":"Organization","@id":"https:\/\/tridentnewspaper.com\/#organization","name":"Trident Newspaper","url":"https:\/\/tridentnewspaper.com\/","logo":{"@type":"ImageObject","inLanguage":"fr-CA","@id":"https:\/\/tridentnewspaper.com\/#\/schema\/logo\/image\/","url":"https:\/\/tridentnewspaper.com\/wp-content\/uploads\/2017\/01\/Trident_Masthead_New_med.png","contentUrl":"https:\/\/tridentnewspaper.com\/wp-content\/uploads\/2017\/01\/Trident_Masthead_New_med.png","width":719,"height":181,"caption":"Trident Newspaper"},"image":{"@id":"https:\/\/tridentnewspaper.com\/#\/schema\/logo\/image\/"},"sameAs":["https:\/\/www.facebook.com\/Trident-News-202801813483\/","https:\/\/x.com\/trident_news"]},{"@type":"Person","@id":"https:\/\/tridentnewspaper.com\/#\/schema\/person\/f2244041a2dc6ebaa632ca1757e0c043","name":"Trident Newspaper","image":{"@type":"ImageObject","inLanguage":"fr-CA","@id":"https:\/\/tridentnewspaper.com\/#\/schema\/person\/image\/","url":"https:\/\/secure.gravatar.com\/avatar\/5793502ed1c3841a15ddc3609d2408cc?s=96&d=blank&r=g","contentUrl":"https:\/\/secure.gravatar.com\/avatar\/5793502ed1c3841a15ddc3609d2408cc?s=96&d=blank&r=g","caption":"Trident Newspaper"},"url":"https:\/\/tridentnewspaper.com\/fr\/author\/tridentnews\/"}]}},"jetpack_featured_media_url":"https:\/\/tridentnewspaper.com\/wp-content\/uploads\/2021\/01\/2020-BLTD-Event-EAP-Kiosk-2.jpg","jetpack_sharing_enabled":true,"jetpack_shortlink":"https:\/\/wp.me\/p8oCsG-1Ah","_links":{"self":[{"href":"https:\/\/tridentnewspaper.com\/fr\/wp-json\/wp\/v2\/posts\/6093"}],"collection":[{"href":"https:\/\/tridentnewspaper.com\/fr\/wp-json\/wp\/v2\/posts"}],"about":[{"href":"https:\/\/tridentnewspaper.com\/fr\/wp-json\/wp\/v2\/types\/post"}],"author":[{"embeddable":true,"href":"https:\/\/tridentnewspaper.com\/fr\/wp-json\/wp\/v2\/users\/2"}],"replies":[{"embeddable":true,"href":"https:\/\/tridentnewspaper.com\/fr\/wp-json\/wp\/v2\/comments?post=6093"}],"version-history":[{"count":5,"href":"https:\/\/tridentnewspaper.com\/fr\/wp-json\/wp\/v2\/posts\/6093\/revisions"}],"predecessor-version":[{"id":6105,"href":"https:\/\/tridentnewspaper.com\/fr\/wp-json\/wp\/v2\/posts\/6093\/revisions\/6105"}],"wp:featuredmedia":[{"embeddable":true,"href":"https:\/\/tridentnewspaper.com\/fr\/wp-json\/wp\/v2\/media\/6094"}],"wp:attachment":[{"href":"https:\/\/tridentnewspaper.com\/fr\/wp-json\/wp\/v2\/media?parent=6093"}],"wp:term":[{"taxonomy":"category","embeddable":true,"href":"https:\/\/tridentnewspaper.com\/fr\/wp-json\/wp\/v2\/categories?post=6093"},{"taxonomy":"post_tag","embeddable":true,"href":"https:\/\/tridentnewspaper.com\/fr\/wp-json\/wp\/v2\/tags?post=6093"}],"curies":[{"name":"wp","href":"https:\/\/api.w.org\/{rel}","templated":true}]}}