{"id":16971,"date":"2026-09-01T11:22:17","date_gmt":"2026-09-01T14:22:17","guid":{"rendered":"https:\/\/tridentnewspaper.com\/?p=16971"},"modified":"2026-09-01T11:22:17","modified_gmt":"2026-09-01T14:22:17","slug":"radm-belhumeur-takes-command-at-marlant-jtfa","status":"publish","type":"post","link":"https:\/\/tridentnewspaper.com\/fr\/radm-belhumeur-takes-command-at-marlant-jtfa\/","title":{"rendered":"Le contre-amiral Belhumeur prend le commandement de FMAR(A) et de la FOIA\u00a0"},"content":{"rendered":"<figure id=\"attachment_16972\" aria-describedby=\"caption-attachment-16972\" style=\"width: 810px\" class=\"wp-caption alignnone\"><img loading=\"lazy\" decoding=\"async\" class=\"size-large wp-image-16972\" src=\"https:\/\/tridentnewspaper.com\/wp-content\/uploads\/2026\/08\/780482691_824003417396969_4639679223364827575_n-1024x683.jpg\" alt=\"\" width=\"810\" height=\"540\" srcset=\"https:\/\/tridentnewspaper.com\/wp-content\/uploads\/2026\/08\/780482691_824003417396969_4639679223364827575_n-1024x683.jpg 1024w, https:\/\/tridentnewspaper.com\/wp-content\/uploads\/2026\/08\/780482691_824003417396969_4639679223364827575_n-300x200.jpg 300w, https:\/\/tridentnewspaper.com\/wp-content\/uploads\/2026\/08\/780482691_824003417396969_4639679223364827575_n-768x512.jpg 768w, https:\/\/tridentnewspaper.com\/wp-content\/uploads\/2026\/08\/780482691_824003417396969_4639679223364827575_n-1536x1024.jpg 1536w, https:\/\/tridentnewspaper.com\/wp-content\/uploads\/2026\/08\/780482691_824003417396969_4639679223364827575_n-18x12.jpg 18w, https:\/\/tridentnewspaper.com\/wp-content\/uploads\/2026\/08\/780482691_824003417396969_4639679223364827575_n-431x287.jpg 431w, https:\/\/tridentnewspaper.com\/wp-content\/uploads\/2026\/08\/780482691_824003417396969_4639679223364827575_n-862x575.jpg 862w, https:\/\/tridentnewspaper.com\/wp-content\/uploads\/2026\/08\/780482691_824003417396969_4639679223364827575_n.jpg 2048w\" sizes=\"(max-width: 810px) 100vw, 810px\" \/><figcaption id=\"caption-attachment-16972\" class=\"wp-caption-text translation-block\">De gauche \u00e0 droite, le nouveau commandant du FMAR(A) et de la FOIA, le Cam Pascal Belheumer, le commandant de la MRC, le Vam Dan Charlebois, et la commandante sortante du FMAR(A) et de la FOIA, la contre-amirale Jos\u00e9e Kurtz, lors de la c\u00e9r\u00e9monie de passation de commandement qui s'est d\u00e9roul\u00e9e le 11 ao\u00fbt \u00e0 bord du NCSM William Hall.   \n\nSERVICES D'IMAGERIE DE LA FORMATION<\/figcaption><\/figure>\n<h3><b><span data-contrast=\"auto\">Le contre-amiral Belhumeur prend le commandement de FMAR(A) et de la FOIA<\/span><\/b><span data-ccp-props=\"{}\">\u00a0<\/span><\/h3>\n<p><b><span data-contrast=\"auto\">Par l\u2019\u00e9quipe du Trident<\/span><\/b><span data-ccp-props=\"{}\">\u00a0<\/span><\/p>\n<p><span data-contrast=\"auto\">Le nouveau commandant des Forces maritimes de l\u2019Atlantique (FMAR(A)) et de la Force op\u00e9rationnelle interarm\u00e9es de l\u2019Atlantique (FOIA) affirme qu\u2019il mettra l\u2019accent sur les personnes alors qu\u2019il prend ses fonctions en tant qu\u2019officier sup\u00e9rieur de la Marine royale canadienne (MRC) dans la r\u00e9gion.<\/span><span data-ccp-props=\"{}\">\u00a0<\/span><\/p>\n<p class=\" translation-block\">Le contre-amiral (Cam) Pascal Belhumeur a officiellement pris ses nouvelles fonctions le 11 ao\u00fbt \u00e0 l\u2019issue d\u2019une c\u00e9r\u00e9monie de passation de commandement en mer qui s\u2019est d\u00e9roul\u00e9e \u00e0 bord du navire canadien de Sa Majest\u00e9 (NCSM) William Hall.<\/p>\n<p><span data-contrast=\"auto\">Le commandant de la FMAR(A) et de la FOIA est responsable des op\u00e9rations de la Marine royale canadienne (MRC) sur la c\u00f4te Est. Cela comprend la conduite d'op\u00e9rations de routine et nationales, ainsi que la direction des op\u00e9rations continentales des Forces arm\u00e9es canadiennes (FAC) dans l'ensemble du Canada atlantique, afin de d\u00e9fendre les int\u00e9r\u00eats et les valeurs du Canada tant sur le territoire national qu'\u00e0 l'\u00e9tranger.<\/span><span data-ccp-props=\"{}\">\u00a0<\/span><\/p>\n<p><span data-contrast=\"auto\">Son arriv\u00e9e intervient \u00e0 un moment particuli\u00e8rement intense et dynamique pour la MRC. Les fr\u00e9gates de classe Halifax, les navires de patrouille extrac\u00f4tiers et de l\u2019Arctique de la classe Harry DeWolf, ainsi que les derniers navires de classe Kingston ont tous \u00e9t\u00e9 soumis \u00e0 une charge de travail importante, participant \u00e0 des op\u00e9rations et des exercices multinationaux s\u2019\u00e9tendant de l\u2019Europe de l\u2019Est \u00e0 la r\u00e9gion indo-pacifique et \u00e0 l\u2019Arctique. Parall\u00e8lement, la flotte se pr\u00e9pare \u00e0 un changement majeur qui se profile \u00e0 l\u2019horizon : des travaux sont en cours pour pr\u00e9parer la formation en vue de l\u2019arriv\u00e9e des futurs destroyers de la classe Fleuves et rivi\u00e8res et des navires de soutien interarm\u00e9es, puis, \u00e0 terme, d\u2019une nouvelle flotte de sous-marins dans le cadre du projet canadien de sous-marins de patrouille. Cette transition entra\u00eenera d\u2019importants besoins en mati\u00e8re de formation et de travaux d\u2019infrastructure au cours des ann\u00e9es \u00e0 venir.<\/span><span data-ccp-props=\"{}\">\u00a0<\/span><\/p>\n<p><span data-contrast=\"auto\">Anticipant les d\u00e9fis potentiels des ann\u00e9es \u00e0 venir, le Cam Belhumeur a soulign\u00e9 que le recrutement, la fid\u00e9lisation et la formation rev\u00eataient une importance cruciale alors que la Flotte de l\u2019Atlantique se pr\u00e9pare pour l\u2019avenir. Les efforts de recrutement portent d\u00e9j\u00e0 leurs fruits ; il sera essentiel de faire de ces nouvelles recrues des marins efficaces, a-t-il d\u00e9clar\u00e9.<\/span><span data-ccp-props=\"{}\">\u00a0<\/span><\/p>\n<p><span data-contrast=\"auto\">\u00ab Nous voulons nous assurer que, chaque fois que nous sommes en mer, nous offrons des possibilit\u00e9s de formation \u00e0 ces nouvelles recrues que nous avons int\u00e9gr\u00e9es dans nos rangs, afin de pouvoir apporter une contribution efficace au gouvernement du Canada. \u00bb\u00a0\u00a0<\/span><span data-ccp-props=\"{}\">\u00a0<\/span><\/p>\n<p><span data-contrast=\"auto\">Il a fait r\u00e9f\u00e9rence \u00e0 un r\u00e9cent message prononc\u00e9 lors de la c\u00e9r\u00e9monie de lever du drapeau par le commandant de la MRC, le vice-amiral Dan Charlebois, qui pla\u00e7ait les personnes au premier rang des priorit\u00e9s. Le Cam Belhumeur a d\u00e9clar\u00e9 qu\u2019il adh\u00e9rait \u00e0 cette approche pour la c\u00f4te Est.<\/span><span data-ccp-props=\"{}\">\u00a0<\/span><\/p>\n<p><span data-contrast=\"auto\">\u00ab Tout tourne autour de nos gens : il s\u2019agit de les faire \u00e9voluer et de prendre soin d\u2019eux, car ce sont eux qui constituent notre force. \u00bb<\/span><span data-ccp-props=\"{}\">\u00a0<\/span><\/p>\n<p><span data-contrast=\"auto\">Le Cam Belhumeur succ\u00e8de au commandant sortant de la FMAR(A) et de la FOIA, la Cam Jos\u00e9e Kurtz, qui avait pris ses fonctions en juin 2023 en tant que premi\u00e8re femme \u00e0 diriger la Formation Halifax. Dans un communiqu\u00e9 publi\u00e9 \u00e0 la suite de cette passation de pouvoir, la contre-amirale Kurtz a exprim\u00e9 sa confiance en son successeur et en l\u2019avenir de la MRC dans son ensemble, tout en remerciant les membres de l\u2019\u00e9quipe qui l\u2019ont soutenue tout au long de ces trois ann\u00e9es de commandement couronn\u00e9es de succ\u00e8s.<\/span><span data-ccp-props=\"{}\">\u00a0<\/span><\/p>\n<p><span data-contrast=\"auto\">\u00ab Ce qui m\u2019a le plus impressionn\u00e9e au cours de mon commandement, et ce qui m\u2019a donn\u00e9 l\u2019\u00e9nergie de me pr\u00e9senter au travail chaque jour, ce sont les gens : les militaires et les employ\u00e9s civils dont l\u2019engagement envers la mission, la r\u00e9silience face aux d\u00e9fis et l\u2019attention port\u00e9e les uns aux autres ont \u00e9t\u00e9 \u00e0 la base de tout ce que nous avons accompli en tant qu\u2019\u00e9quipe, \u00bb a-t-elle d\u00e9clar\u00e9.<\/span><\/p>\n<p><span data-contrast=\"auto\">Le Cam Belhumeur a fait \u00e9cho \u00e0 ces propos concernant le personnel qu\u2019il va d\u00e9sormais superviser.<\/span><span data-ccp-props=\"{}\">\u00a0<\/span><\/p>\n<p><span data-contrast=\"auto\">\u00ab Le professionnalisme, le d\u00e9vouement et l\u2019excellence dont font preuve nos gens sont reconnus partout au sein des Forces arm\u00e9es canadiennes et par nos alli\u00e9s, et je suis d\u00e9termin\u00e9 \u00e0 poursuivre les bases solides \u00e9tablies par la Contre-amirale Kurtz. \u00bb\u00a0<\/span><span data-ccp-props=\"{}\">\u00a0<\/span><\/p>\n<p><span data-ccp-props=\"{}\">\u00a0<\/span><\/p>","protected":false},"excerpt":{"rendered":"<p>RAdm Belhumeur takes command at MARLANT, JTFA\u00a0 By Trident Staff\u00a0 The new commander of Maritime Forces Atlantic (MARLANT) and Joint Task Force Atlantic (JTFA) says he\u2019s putting the focus on people as he begins his appointment as the senior Royal Canadian Navy (RCN) officer in the region.\u00a0 Rear-Admiral (RAdm) Pascal [&hellip;]<\/p>","protected":false},"author":2,"featured_media":16972,"comment_status":"closed","ping_status":"closed","sticky":false,"template":"","format":"standard","meta":{"_monsterinsights_skip_tracking":false,"_monsterinsights_sitenote_active":false,"_monsterinsights_sitenote_note":"","_monsterinsights_sitenote_category":0,"jetpack_post_was_ever_published":false,"_jetpack_newsletter_access":"","_jetpack_dont_email_post_to_subs":false,"_jetpack_newsletter_tier_id":0,"_jetpack_memberships_contains_paywalled_content":false,"footnotes":"","_jetpack_memberships_contains_paid_content":false,"jetpack_publicize_message":"","jetpack_publicize_feature_enabled":true,"jetpack_social_post_already_shared":true,"jetpack_social_options":{"image_generator_settings":{"template":"highway","enabled":false}}},"categories":[13],"tags":[],"jetpack_publicize_connections":[],"yoast_head":"<!-- This site is optimized with the Yoast SEO plugin v22.6 - https:\/\/yoast.com\/wordpress\/plugins\/seo\/ -->\n<title>RAdm Belhumeur takes command at MARLANT, JTFA\u00a0 | Trident Newspaper<\/title>\n<meta name=\"robots\" content=\"index, follow, max-snippet:-1, max-image-preview:large, max-video-preview:-1\" \/>\n<link rel=\"canonical\" href=\"https:\/\/tridentnewspaper.com\/fr\/radm-belhumeur-takes-command-at-marlant-jtfa\/\" \/>\n<meta property=\"og:locale\" content=\"fr_CA\" \/>\n<meta property=\"og:type\" content=\"article\" \/>\n<meta property=\"og:title\" content=\"RAdm Belhumeur takes command at MARLANT, JTFA\u00a0 | Trident Newspaper\" \/>\n<meta property=\"og:description\" content=\"RAdm Belhumeur takes command at MARLANT, JTFA\u00a0 By Trident Staff\u00a0 The new commander of Maritime Forces Atlantic (MARLANT) and Joint Task Force Atlantic (JTFA) says he\u2019s putting the focus on people as he begins his appointment as the senior Royal Canadian Navy (RCN) officer in the region.\u00a0 Rear-Admiral (RAdm) Pascal [&hellip;]\" \/>\n<meta property=\"og:url\" content=\"https:\/\/tridentnewspaper.com\/fr\/radm-belhumeur-takes-command-at-marlant-jtfa\/\" \/>\n<meta property=\"og:site_name\" content=\"Trident Newspaper\" \/>\n<meta property=\"article:publisher\" content=\"https:\/\/www.facebook.com\/Trident-News-202801813483\/\" \/>\n<meta property=\"article:published_time\" content=\"2026-09-01T14:22:17+00:00\" \/>\n<meta property=\"og:image\" content=\"https:\/\/tridentnewspaper.com\/wp-content\/uploads\/2026\/08\/780482691_824003417396969_4639679223364827575_n.jpg\" \/>\n\t<meta property=\"og:image:width\" content=\"2048\" \/>\n\t<meta property=\"og:image:height\" content=\"1365\" \/>\n\t<meta property=\"og:image:type\" content=\"image\/jpeg\" \/>\n<meta name=\"author\" content=\"Trident Newspaper\" \/>\n<meta name=\"twitter:card\" content=\"summary_large_image\" \/>\n<meta name=\"twitter:creator\" content=\"@trident_news\" \/>\n<meta name=\"twitter:site\" content=\"@trident_news\" \/>\n<meta name=\"twitter:label1\" content=\"\u00c9crit par\" \/>\n\t<meta name=\"twitter:data1\" content=\"Trident Newspaper\" \/>\n\t<meta name=\"twitter:label2\" content=\"Estimation du temps de lecture\" \/>\n\t<meta name=\"twitter:data2\" content=\"3 minutes\" \/>\n<script type=\"application\/ld+json\" class=\"yoast-schema-graph\">{\"@context\":\"https:\/\/schema.org\",\"@graph\":[{\"@type\":\"Article\",\"@id\":\"https:\/\/tridentnewspaper.com\/radm-belhumeur-takes-command-at-marlant-jtfa\/#article\",\"isPartOf\":{\"@id\":\"https:\/\/tridentnewspaper.com\/radm-belhumeur-takes-command-at-marlant-jtfa\/\"},\"author\":{\"name\":\"Trident Newspaper\",\"@id\":\"https:\/\/tridentnewspaper.com\/#\/schema\/person\/f2244041a2dc6ebaa632ca1757e0c043\"},\"headline\":\"RAdm Belhumeur takes command at MARLANT, JTFA\u00a0\",\"datePublished\":\"2026-09-01T14:22:17+00:00\",\"dateModified\":\"2026-09-01T14:22:17+00:00\",\"mainEntityOfPage\":{\"@id\":\"https:\/\/tridentnewspaper.com\/radm-belhumeur-takes-command-at-marlant-jtfa\/\"},\"wordCount\":602,\"publisher\":{\"@id\":\"https:\/\/tridentnewspaper.com\/#organization\"},\"image\":{\"@id\":\"https:\/\/tridentnewspaper.com\/radm-belhumeur-takes-command-at-marlant-jtfa\/#primaryimage\"},\"thumbnailUrl\":\"https:\/\/tridentnewspaper.com\/wp-content\/uploads\/2026\/08\/780482691_824003417396969_4639679223364827575_n.jpg\",\"articleSection\":[\"News\"],\"inLanguage\":\"fr-CA\"},{\"@type\":\"WebPage\",\"@id\":\"https:\/\/tridentnewspaper.com\/radm-belhumeur-takes-command-at-marlant-jtfa\/\",\"url\":\"https:\/\/tridentnewspaper.com\/radm-belhumeur-takes-command-at-marlant-jtfa\/\",\"name\":\"RAdm Belhumeur takes command at MARLANT, JTFA\u00a0 | Trident Newspaper\",\"isPartOf\":{\"@id\":\"https:\/\/tridentnewspaper.com\/#website\"},\"primaryImageOfPage\":{\"@id\":\"https:\/\/tridentnewspaper.com\/radm-belhumeur-takes-command-at-marlant-jtfa\/#primaryimage\"},\"image\":{\"@id\":\"https:\/\/tridentnewspaper.com\/radm-belhumeur-takes-command-at-marlant-jtfa\/#primaryimage\"},\"thumbnailUrl\":\"https:\/\/tridentnewspaper.com\/wp-content\/uploads\/2026\/08\/780482691_824003417396969_4639679223364827575_n.jpg\",\"datePublished\":\"2026-09-01T14:22:17+00:00\",\"dateModified\":\"2026-09-01T14:22:17+00:00\",\"breadcrumb\":{\"@id\":\"https:\/\/tridentnewspaper.com\/radm-belhumeur-takes-command-at-marlant-jtfa\/#breadcrumb\"},\"inLanguage\":\"fr-CA\",\"potentialAction\":[{\"@type\":\"ReadAction\",\"target\":[\"https:\/\/tridentnewspaper.com\/radm-belhumeur-takes-command-at-marlant-jtfa\/\"]}]},{\"@type\":\"ImageObject\",\"inLanguage\":\"fr-CA\",\"@id\":\"https:\/\/tridentnewspaper.com\/radm-belhumeur-takes-command-at-marlant-jtfa\/#primaryimage\",\"url\":\"https:\/\/tridentnewspaper.com\/wp-content\/uploads\/2026\/08\/780482691_824003417396969_4639679223364827575_n.jpg\",\"contentUrl\":\"https:\/\/tridentnewspaper.com\/wp-content\/uploads\/2026\/08\/780482691_824003417396969_4639679223364827575_n.jpg\",\"width\":2048,\"height\":1365,\"caption\":\"From left, the incoming commander of MARLANT and JTFA, RAdm Pascal Belheumer; Commander RCN Vice Admiral Dan Charlebois, and the outgoing commander of MARLANT and JTFA, RAdm Jos\u00e9e Kurtz, during the change-of-command ceremony held on August 11 aboard HMCS William Hall. FORMATION IMAGING SERVICE\"},{\"@type\":\"BreadcrumbList\",\"@id\":\"https:\/\/tridentnewspaper.com\/radm-belhumeur-takes-command-at-marlant-jtfa\/#breadcrumb\",\"itemListElement\":[{\"@type\":\"ListItem\",\"position\":1,\"name\":\"Home\",\"item\":\"https:\/\/tridentnewspaper.com\/\"},{\"@type\":\"ListItem\",\"position\":2,\"name\":\"RAdm Belhumeur takes command at MARLANT, JTFA\u00a0\"}]},{\"@type\":\"WebSite\",\"@id\":\"https:\/\/tridentnewspaper.com\/#website\",\"url\":\"https:\/\/tridentnewspaper.com\/\",\"name\":\"Trident Newspaper\",\"description\":\"CFB Halifax Trident Navy Newspaper\",\"publisher\":{\"@id\":\"https:\/\/tridentnewspaper.com\/#organization\"},\"potentialAction\":[{\"@type\":\"SearchAction\",\"target\":{\"@type\":\"EntryPoint\",\"urlTemplate\":\"https:\/\/tridentnewspaper.com\/?s={search_term_string}\"},\"query-input\":\"required name=search_term_string\"}],\"inLanguage\":\"fr-CA\"},{\"@type\":\"Organization\",\"@id\":\"https:\/\/tridentnewspaper.com\/#organization\",\"name\":\"Trident Newspaper\",\"url\":\"https:\/\/tridentnewspaper.com\/\",\"logo\":{\"@type\":\"ImageObject\",\"inLanguage\":\"fr-CA\",\"@id\":\"https:\/\/tridentnewspaper.com\/#\/schema\/logo\/image\/\",\"url\":\"https:\/\/tridentnewspaper.com\/wp-content\/uploads\/2017\/01\/Trident_Masthead_New_med.png\",\"contentUrl\":\"https:\/\/tridentnewspaper.com\/wp-content\/uploads\/2017\/01\/Trident_Masthead_New_med.png\",\"width\":719,\"height\":181,\"caption\":\"Trident Newspaper\"},\"image\":{\"@id\":\"https:\/\/tridentnewspaper.com\/#\/schema\/logo\/image\/\"},\"sameAs\":[\"https:\/\/www.facebook.com\/Trident-News-202801813483\/\",\"https:\/\/x.com\/trident_news\"]},{\"@type\":\"Person\",\"@id\":\"https:\/\/tridentnewspaper.com\/#\/schema\/person\/f2244041a2dc6ebaa632ca1757e0c043\",\"name\":\"Trident Newspaper\",\"image\":{\"@type\":\"ImageObject\",\"inLanguage\":\"fr-CA\",\"@id\":\"https:\/\/tridentnewspaper.com\/#\/schema\/person\/image\/\",\"url\":\"https:\/\/secure.gravatar.com\/avatar\/5793502ed1c3841a15ddc3609d2408cc?s=96&d=blank&r=g\",\"contentUrl\":\"https:\/\/secure.gravatar.com\/avatar\/5793502ed1c3841a15ddc3609d2408cc?s=96&d=blank&r=g\",\"caption\":\"Trident Newspaper\"},\"url\":\"https:\/\/tridentnewspaper.com\/fr\/author\/tridentnews\/\"}]}<\/script>\n<!-- \/ Yoast SEO plugin. -->","yoast_head_json":{"title":"RAdm Belhumeur takes command at MARLANT, JTFA\u00a0 | Trident Newspaper","robots":{"index":"index","follow":"follow","max-snippet":"max-snippet:-1","max-image-preview":"max-image-preview:large","max-video-preview":"max-video-preview:-1"},"canonical":"https:\/\/tridentnewspaper.com\/fr\/radm-belhumeur-takes-command-at-marlant-jtfa\/","og_locale":"fr_CA","og_type":"article","og_title":"RAdm Belhumeur takes command at MARLANT, JTFA\u00a0 | Trident Newspaper","og_description":"RAdm Belhumeur takes command at MARLANT, JTFA\u00a0 By Trident Staff\u00a0 The new commander of Maritime Forces Atlantic (MARLANT) and Joint Task Force Atlantic (JTFA) says he\u2019s putting the focus on people as he begins his appointment as the senior Royal Canadian Navy (RCN) officer in the region.\u00a0 Rear-Admiral (RAdm) Pascal [&hellip;]","og_url":"https:\/\/tridentnewspaper.com\/fr\/radm-belhumeur-takes-command-at-marlant-jtfa\/","og_site_name":"Trident Newspaper","article_publisher":"https:\/\/www.facebook.com\/Trident-News-202801813483\/","article_published_time":"2026-09-01T14:22:17+00:00","og_image":[{"width":2048,"height":1365,"url":"https:\/\/tridentnewspaper.com\/wp-content\/uploads\/2026\/08\/780482691_824003417396969_4639679223364827575_n.jpg","type":"image\/jpeg"}],"author":"Trident Newspaper","twitter_card":"summary_large_image","twitter_creator":"@trident_news","twitter_site":"@trident_news","twitter_misc":{"\u00c9crit par":"Trident Newspaper","Estimation du temps de lecture":"3 minutes"},"schema":{"@context":"https:\/\/schema.org","@graph":[{"@type":"Article","@id":"https:\/\/tridentnewspaper.com\/radm-belhumeur-takes-command-at-marlant-jtfa\/#article","isPartOf":{"@id":"https:\/\/tridentnewspaper.com\/radm-belhumeur-takes-command-at-marlant-jtfa\/"},"author":{"name":"Trident Newspaper","@id":"https:\/\/tridentnewspaper.com\/#\/schema\/person\/f2244041a2dc6ebaa632ca1757e0c043"},"headline":"RAdm Belhumeur takes command at MARLANT, JTFA\u00a0","datePublished":"2026-09-01T14:22:17+00:00","dateModified":"2026-09-01T14:22:17+00:00","mainEntityOfPage":{"@id":"https:\/\/tridentnewspaper.com\/radm-belhumeur-takes-command-at-marlant-jtfa\/"},"wordCount":602,"publisher":{"@id":"https:\/\/tridentnewspaper.com\/#organization"},"image":{"@id":"https:\/\/tridentnewspaper.com\/radm-belhumeur-takes-command-at-marlant-jtfa\/#primaryimage"},"thumbnailUrl":"https:\/\/tridentnewspaper.com\/wp-content\/uploads\/2026\/08\/780482691_824003417396969_4639679223364827575_n.jpg","articleSection":["News"],"inLanguage":"fr-CA"},{"@type":"WebPage","@id":"https:\/\/tridentnewspaper.com\/radm-belhumeur-takes-command-at-marlant-jtfa\/","url":"https:\/\/tridentnewspaper.com\/radm-belhumeur-takes-command-at-marlant-jtfa\/","name":"RAdm Belhumeur takes command at MARLANT, JTFA\u00a0 | Trident Newspaper","isPartOf":{"@id":"https:\/\/tridentnewspaper.com\/#website"},"primaryImageOfPage":{"@id":"https:\/\/tridentnewspaper.com\/radm-belhumeur-takes-command-at-marlant-jtfa\/#primaryimage"},"image":{"@id":"https:\/\/tridentnewspaper.com\/radm-belhumeur-takes-command-at-marlant-jtfa\/#primaryimage"},"thumbnailUrl":"https:\/\/tridentnewspaper.com\/wp-content\/uploads\/2026\/08\/780482691_824003417396969_4639679223364827575_n.jpg","datePublished":"2026-09-01T14:22:17+00:00","dateModified":"2026-09-01T14:22:17+00:00","breadcrumb":{"@id":"https:\/\/tridentnewspaper.com\/radm-belhumeur-takes-command-at-marlant-jtfa\/#breadcrumb"},"inLanguage":"fr-CA","potentialAction":[{"@type":"ReadAction","target":["https:\/\/tridentnewspaper.com\/radm-belhumeur-takes-command-at-marlant-jtfa\/"]}]},{"@type":"ImageObject","inLanguage":"fr-CA","@id":"https:\/\/tridentnewspaper.com\/radm-belhumeur-takes-command-at-marlant-jtfa\/#primaryimage","url":"https:\/\/tridentnewspaper.com\/wp-content\/uploads\/2026\/08\/780482691_824003417396969_4639679223364827575_n.jpg","contentUrl":"https:\/\/tridentnewspaper.com\/wp-content\/uploads\/2026\/08\/780482691_824003417396969_4639679223364827575_n.jpg","width":2048,"height":1365,"caption":"From left, the incoming commander of MARLANT and JTFA, RAdm Pascal Belheumer; Commander RCN Vice Admiral Dan Charlebois, and the outgoing commander of MARLANT and JTFA, RAdm Jos\u00e9e Kurtz, during the change-of-command ceremony held on August 11 aboard HMCS William Hall. FORMATION IMAGING SERVICE"},{"@type":"BreadcrumbList","@id":"https:\/\/tridentnewspaper.com\/radm-belhumeur-takes-command-at-marlant-jtfa\/#breadcrumb","itemListElement":[{"@type":"ListItem","position":1,"name":"Home","item":"https:\/\/tridentnewspaper.com\/"},{"@type":"ListItem","position":2,"name":"RAdm Belhumeur takes command at MARLANT, JTFA\u00a0"}]},{"@type":"WebSite","@id":"https:\/\/tridentnewspaper.com\/#website","url":"https:\/\/tridentnewspaper.com\/","name":"Trident Newspaper","description":"CFB Halifax Trident Navy Newspaper","publisher":{"@id":"https:\/\/tridentnewspaper.com\/#organization"},"potentialAction":[{"@type":"SearchAction","target":{"@type":"EntryPoint","urlTemplate":"https:\/\/tridentnewspaper.com\/?s={search_term_string}"},"query-input":"required name=search_term_string"}],"inLanguage":"fr-CA"},{"@type":"Organization","@id":"https:\/\/tridentnewspaper.com\/#organization","name":"Trident Newspaper","url":"https:\/\/tridentnewspaper.com\/","logo":{"@type":"ImageObject","inLanguage":"fr-CA","@id":"https:\/\/tridentnewspaper.com\/#\/schema\/logo\/image\/","url":"https:\/\/tridentnewspaper.com\/wp-content\/uploads\/2017\/01\/Trident_Masthead_New_med.png","contentUrl":"https:\/\/tridentnewspaper.com\/wp-content\/uploads\/2017\/01\/Trident_Masthead_New_med.png","width":719,"height":181,"caption":"Trident Newspaper"},"image":{"@id":"https:\/\/tridentnewspaper.com\/#\/schema\/logo\/image\/"},"sameAs":["https:\/\/www.facebook.com\/Trident-News-202801813483\/","https:\/\/x.com\/trident_news"]},{"@type":"Person","@id":"https:\/\/tridentnewspaper.com\/#\/schema\/person\/f2244041a2dc6ebaa632ca1757e0c043","name":"Trident Newspaper","image":{"@type":"ImageObject","inLanguage":"fr-CA","@id":"https:\/\/tridentnewspaper.com\/#\/schema\/person\/image\/","url":"https:\/\/secure.gravatar.com\/avatar\/5793502ed1c3841a15ddc3609d2408cc?s=96&d=blank&r=g","contentUrl":"https:\/\/secure.gravatar.com\/avatar\/5793502ed1c3841a15ddc3609d2408cc?s=96&d=blank&r=g","caption":"Trident Newspaper"},"url":"https:\/\/tridentnewspaper.com\/fr\/author\/tridentnews\/"}]}},"jetpack_featured_media_url":"https:\/\/tridentnewspaper.com\/wp-content\/uploads\/2026\/08\/780482691_824003417396969_4639679223364827575_n.jpg","jetpack_sharing_enabled":true,"jetpack_shortlink":"https:\/\/wp.me\/p8oCsG-4pJ","_links":{"self":[{"href":"https:\/\/tridentnewspaper.com\/fr\/wp-json\/wp\/v2\/posts\/16971"}],"collection":[{"href":"https:\/\/tridentnewspaper.com\/fr\/wp-json\/wp\/v2\/posts"}],"about":[{"href":"https:\/\/tridentnewspaper.com\/fr\/wp-json\/wp\/v2\/types\/post"}],"author":[{"embeddable":true,"href":"https:\/\/tridentnewspaper.com\/fr\/wp-json\/wp\/v2\/users\/2"}],"replies":[{"embeddable":true,"href":"https:\/\/tridentnewspaper.com\/fr\/wp-json\/wp\/v2\/comments?post=16971"}],"version-history":[{"count":3,"href":"https:\/\/tridentnewspaper.com\/fr\/wp-json\/wp\/v2\/posts\/16971\/revisions"}],"predecessor-version":[{"id":17023,"href":"https:\/\/tridentnewspaper.com\/fr\/wp-json\/wp\/v2\/posts\/16971\/revisions\/17023"}],"wp:featuredmedia":[{"embeddable":true,"href":"https:\/\/tridentnewspaper.com\/fr\/wp-json\/wp\/v2\/media\/16972"}],"wp:attachment":[{"href":"https:\/\/tridentnewspaper.com\/fr\/wp-json\/wp\/v2\/media?parent=16971"}],"wp:term":[{"taxonomy":"category","embeddable":true,"href":"https:\/\/tridentnewspaper.com\/fr\/wp-json\/wp\/v2\/categories?post=16971"},{"taxonomy":"post_tag","embeddable":true,"href":"https:\/\/tridentnewspaper.com\/fr\/wp-json\/wp\/v2\/tags?post=16971"}],"curies":[{"name":"wp","href":"https:\/\/api.w.org\/{rel}","templated":true}]}}