{"id":16016,"date":"2026-02-11T15:36:23","date_gmt":"2026-02-11T19:36:23","guid":{"rendered":"https:\/\/tridentnewspaper.com\/?p=16016"},"modified":"2026-02-11T15:36:23","modified_gmt":"2026-02-11T19:36:23","slug":"black-history-month-marked-at-cfb-halifax-12-wing","status":"publish","type":"post","link":"https:\/\/tridentnewspaper.com\/fr\/black-history-month-marked-at-cfb-halifax-12-wing\/","title":{"rendered":"Le Mois de l'histoire des Noirs c\u00e9l\u00e9br\u00e9 \u00e0 la BFC Halifax, 12e Escadre"},"content":{"rendered":"<figure id=\"attachment_16017\" aria-describedby=\"caption-attachment-16017\" style=\"width: 810px\" class=\"wp-caption alignnone\"><img loading=\"lazy\" decoding=\"async\" class=\"size-large wp-image-16017\" src=\"https:\/\/tridentnewspaper.com\/wp-content\/uploads\/2026\/02\/20260202HSW0005P005-1024x683.jpg\" alt=\"\" width=\"810\" height=\"540\" srcset=\"https:\/\/tridentnewspaper.com\/wp-content\/uploads\/2026\/02\/20260202HSW0005P005-1024x683.jpg 1024w, https:\/\/tridentnewspaper.com\/wp-content\/uploads\/2026\/02\/20260202HSW0005P005-300x200.jpg 300w, https:\/\/tridentnewspaper.com\/wp-content\/uploads\/2026\/02\/20260202HSW0005P005-768x513.jpg 768w, https:\/\/tridentnewspaper.com\/wp-content\/uploads\/2026\/02\/20260202HSW0005P005-1536x1025.jpg 1536w, https:\/\/tridentnewspaper.com\/wp-content\/uploads\/2026\/02\/20260202HSW0005P005-2048x1367.jpg 2048w, https:\/\/tridentnewspaper.com\/wp-content\/uploads\/2026\/02\/20260202HSW0005P005-18x12.jpg 18w, https:\/\/tridentnewspaper.com\/wp-content\/uploads\/2026\/02\/20260202HSW0005P005-431x288.jpg 431w, https:\/\/tridentnewspaper.com\/wp-content\/uploads\/2026\/02\/20260202HSW0005P005-862x575.jpg 862w\" sizes=\"(max-width: 810px) 100vw, 810px\" \/><figcaption id=\"caption-attachment-16017\" class=\"wp-caption-text\">AVR GUILLAUME ROY<\/figcaption><\/figure>\n<p class=\" translation-block\">Ce mois de f\u00e9vrier, \u00e7a fera 30 ans que le Mois de l\u2019histoire des Noirs est reconnu \u00e0 l\u2019\u00e9chelle nationale au Canada et f\u00e9vrier, c\u2019est aussi le Mois du patrimoine africain en Nouvelle-\u00c9cosse. Le drapeau panafricain est fi\u00e8rement hiss\u00e9 \u00e0 la BFC Halifax, \u00e0 la 12e Escadre Shearwater et \u00e0 bord des navires canadiens de Sa Majest\u00e9 le 2 f\u00e9vrier en reconnaissance de la force et des r\u00e9alisations des Canadiens noirs et des membres noirs de l\u2019\u00c9quipe de la D\u00e9fense qui ont une longue histoire de service.\n<BR>\nNous invitons les membres de l\u2019\u00c9quipe de la D\u00e9fense locale \u00e0 la salle de bal de la tour Juno, le jeudi 19 f\u00e9vrier, de 10 h \u00e0 12 h, pour participer \u00e0 une activit\u00e9 des FMAR(A) soulignant le Mois de l\u2019histoire des Noirs. Consultez la page d\u2019accueil des FMAR(A), les courriels envoy\u00e9s \u00e0 l\u2019\u00e9chelle de la base et les comptes de m\u00e9dias sociaux de la BFC Halifax pour conna\u00eetre les d\u00e9tails.<\/p>","protected":false},"excerpt":{"rendered":"<p>Ce mois de f\u00e9vrier, \u00e7a fera 30 ans que le Mois de l\u2019histoire des Noirs est reconnu \u00e0 l\u2019\u00e9chelle nationale au Canada et f\u00e9vrier, c\u2019est aussi le Mois du patrimoine africain en Nouvelle-\u00c9cosse. Le drapeau panafricain est fi\u00e8rement hiss\u00e9 \u00e0 la BFC Halifax, \u00e0 la 12e Escadre Shearwater et \u00e0 bord des navires canadiens de Sa Majest\u00e9 le 2 f\u00e9vrier en reconnaissance [...]<\/p>","protected":false},"author":2,"featured_media":16017,"comment_status":"closed","ping_status":"closed","sticky":false,"template":"","format":"standard","meta":{"_monsterinsights_skip_tracking":false,"_monsterinsights_sitenote_active":false,"_monsterinsights_sitenote_note":"","_monsterinsights_sitenote_category":0,"jetpack_post_was_ever_published":false,"_jetpack_newsletter_access":"","_jetpack_dont_email_post_to_subs":false,"_jetpack_newsletter_tier_id":0,"_jetpack_memberships_contains_paywalled_content":false,"footnotes":"","_jetpack_memberships_contains_paid_content":false,"jetpack_publicize_message":"","jetpack_publicize_feature_enabled":true,"jetpack_social_post_already_shared":true,"jetpack_social_options":{"image_generator_settings":{"template":"highway","enabled":false}}},"categories":[42],"tags":[],"jetpack_publicize_connections":[],"yoast_head":"<!-- This site is optimized with the Yoast SEO plugin v22.6 - https:\/\/yoast.com\/wordpress\/plugins\/seo\/ -->\n<title>Black History Month marked at CFB Halifax, 12 Wing | Trident Newspaper<\/title>\n<meta name=\"robots\" content=\"index, follow, max-snippet:-1, max-image-preview:large, max-video-preview:-1\" \/>\n<link rel=\"canonical\" href=\"https:\/\/tridentnewspaper.com\/fr\/black-history-month-marked-at-cfb-halifax-12-wing\/\" \/>\n<meta property=\"og:locale\" content=\"fr_CA\" \/>\n<meta property=\"og:type\" content=\"article\" \/>\n<meta property=\"og:title\" content=\"Black History Month marked at CFB Halifax, 12 Wing | Trident Newspaper\" \/>\n<meta property=\"og:description\" content=\"February marks the 30th Anniversary of Black History Month being a nationally recognized observance in Canada and is also African Heritage Month in Nova Scotia.\u00a0The Pan-African flag was raised at CFB Halifax headquarters, at 12 Wing Shearwater, and aboard His Majesty&#8217;s Canadian Ships on February 2 in recognition of the [&hellip;]\" \/>\n<meta property=\"og:url\" content=\"https:\/\/tridentnewspaper.com\/fr\/black-history-month-marked-at-cfb-halifax-12-wing\/\" \/>\n<meta property=\"og:site_name\" content=\"Trident Newspaper\" \/>\n<meta property=\"article:publisher\" content=\"https:\/\/www.facebook.com\/Trident-News-202801813483\/\" \/>\n<meta property=\"article:published_time\" content=\"2026-02-11T19:36:23+00:00\" \/>\n<meta property=\"og:image\" content=\"https:\/\/tridentnewspaper.com\/wp-content\/uploads\/2026\/02\/20260202HSW0005P005-scaled.jpg\" \/>\n\t<meta property=\"og:image:width\" content=\"2560\" \/>\n\t<meta property=\"og:image:height\" content=\"1708\" \/>\n\t<meta property=\"og:image:type\" content=\"image\/jpeg\" \/>\n<meta name=\"author\" content=\"Trident Newspaper\" \/>\n<meta name=\"twitter:card\" content=\"summary_large_image\" \/>\n<meta name=\"twitter:creator\" content=\"@trident_news\" \/>\n<meta name=\"twitter:site\" content=\"@trident_news\" \/>\n<meta name=\"twitter:label1\" content=\"\u00c9crit par\" \/>\n\t<meta name=\"twitter:data1\" content=\"Trident Newspaper\" \/>\n\t<meta name=\"twitter:label2\" content=\"Estimation du temps de lecture\" \/>\n\t<meta name=\"twitter:data2\" content=\"1 minute\" \/>\n<script type=\"application\/ld+json\" class=\"yoast-schema-graph\">{\"@context\":\"https:\/\/schema.org\",\"@graph\":[{\"@type\":\"Article\",\"@id\":\"https:\/\/tridentnewspaper.com\/black-history-month-marked-at-cfb-halifax-12-wing\/#article\",\"isPartOf\":{\"@id\":\"https:\/\/tridentnewspaper.com\/black-history-month-marked-at-cfb-halifax-12-wing\/\"},\"author\":{\"name\":\"Trident Newspaper\",\"@id\":\"https:\/\/tridentnewspaper.com\/#\/schema\/person\/f2244041a2dc6ebaa632ca1757e0c043\"},\"headline\":\"Black History Month marked at CFB Halifax, 12 Wing\",\"datePublished\":\"2026-02-11T19:36:23+00:00\",\"dateModified\":\"2026-02-11T19:36:23+00:00\",\"mainEntityOfPage\":{\"@id\":\"https:\/\/tridentnewspaper.com\/black-history-month-marked-at-cfb-halifax-12-wing\/\"},\"wordCount\":128,\"publisher\":{\"@id\":\"https:\/\/tridentnewspaper.com\/#organization\"},\"image\":{\"@id\":\"https:\/\/tridentnewspaper.com\/black-history-month-marked-at-cfb-halifax-12-wing\/#primaryimage\"},\"thumbnailUrl\":\"https:\/\/tridentnewspaper.com\/wp-content\/uploads\/2026\/02\/20260202HSW0005P005-scaled.jpg\",\"articleSection\":[\"News Photo\"],\"inLanguage\":\"fr-CA\"},{\"@type\":\"WebPage\",\"@id\":\"https:\/\/tridentnewspaper.com\/black-history-month-marked-at-cfb-halifax-12-wing\/\",\"url\":\"https:\/\/tridentnewspaper.com\/black-history-month-marked-at-cfb-halifax-12-wing\/\",\"name\":\"Black History Month marked at CFB Halifax, 12 Wing | Trident Newspaper\",\"isPartOf\":{\"@id\":\"https:\/\/tridentnewspaper.com\/#website\"},\"primaryImageOfPage\":{\"@id\":\"https:\/\/tridentnewspaper.com\/black-history-month-marked-at-cfb-halifax-12-wing\/#primaryimage\"},\"image\":{\"@id\":\"https:\/\/tridentnewspaper.com\/black-history-month-marked-at-cfb-halifax-12-wing\/#primaryimage\"},\"thumbnailUrl\":\"https:\/\/tridentnewspaper.com\/wp-content\/uploads\/2026\/02\/20260202HSW0005P005-scaled.jpg\",\"datePublished\":\"2026-02-11T19:36:23+00:00\",\"dateModified\":\"2026-02-11T19:36:23+00:00\",\"breadcrumb\":{\"@id\":\"https:\/\/tridentnewspaper.com\/black-history-month-marked-at-cfb-halifax-12-wing\/#breadcrumb\"},\"inLanguage\":\"fr-CA\",\"potentialAction\":[{\"@type\":\"ReadAction\",\"target\":[\"https:\/\/tridentnewspaper.com\/black-history-month-marked-at-cfb-halifax-12-wing\/\"]}]},{\"@type\":\"ImageObject\",\"inLanguage\":\"fr-CA\",\"@id\":\"https:\/\/tridentnewspaper.com\/black-history-month-marked-at-cfb-halifax-12-wing\/#primaryimage\",\"url\":\"https:\/\/tridentnewspaper.com\/wp-content\/uploads\/2026\/02\/20260202HSW0005P005-scaled.jpg\",\"contentUrl\":\"https:\/\/tridentnewspaper.com\/wp-content\/uploads\/2026\/02\/20260202HSW0005P005-scaled.jpg\",\"width\":2560,\"height\":1708,\"caption\":\"AVR GUILLAUME ROY\"},{\"@type\":\"BreadcrumbList\",\"@id\":\"https:\/\/tridentnewspaper.com\/black-history-month-marked-at-cfb-halifax-12-wing\/#breadcrumb\",\"itemListElement\":[{\"@type\":\"ListItem\",\"position\":1,\"name\":\"Home\",\"item\":\"https:\/\/tridentnewspaper.com\/\"},{\"@type\":\"ListItem\",\"position\":2,\"name\":\"Black History Month marked at CFB Halifax, 12 Wing\"}]},{\"@type\":\"WebSite\",\"@id\":\"https:\/\/tridentnewspaper.com\/#website\",\"url\":\"https:\/\/tridentnewspaper.com\/\",\"name\":\"Trident Newspaper\",\"description\":\"CFB Halifax Trident Navy Newspaper\",\"publisher\":{\"@id\":\"https:\/\/tridentnewspaper.com\/#organization\"},\"potentialAction\":[{\"@type\":\"SearchAction\",\"target\":{\"@type\":\"EntryPoint\",\"urlTemplate\":\"https:\/\/tridentnewspaper.com\/?s={search_term_string}\"},\"query-input\":\"required name=search_term_string\"}],\"inLanguage\":\"fr-CA\"},{\"@type\":\"Organization\",\"@id\":\"https:\/\/tridentnewspaper.com\/#organization\",\"name\":\"Trident Newspaper\",\"url\":\"https:\/\/tridentnewspaper.com\/\",\"logo\":{\"@type\":\"ImageObject\",\"inLanguage\":\"fr-CA\",\"@id\":\"https:\/\/tridentnewspaper.com\/#\/schema\/logo\/image\/\",\"url\":\"https:\/\/tridentnewspaper.com\/wp-content\/uploads\/2017\/01\/Trident_Masthead_New_med.png\",\"contentUrl\":\"https:\/\/tridentnewspaper.com\/wp-content\/uploads\/2017\/01\/Trident_Masthead_New_med.png\",\"width\":719,\"height\":181,\"caption\":\"Trident Newspaper\"},\"image\":{\"@id\":\"https:\/\/tridentnewspaper.com\/#\/schema\/logo\/image\/\"},\"sameAs\":[\"https:\/\/www.facebook.com\/Trident-News-202801813483\/\",\"https:\/\/x.com\/trident_news\"]},{\"@type\":\"Person\",\"@id\":\"https:\/\/tridentnewspaper.com\/#\/schema\/person\/f2244041a2dc6ebaa632ca1757e0c043\",\"name\":\"Trident Newspaper\",\"image\":{\"@type\":\"ImageObject\",\"inLanguage\":\"fr-CA\",\"@id\":\"https:\/\/tridentnewspaper.com\/#\/schema\/person\/image\/\",\"url\":\"https:\/\/secure.gravatar.com\/avatar\/5793502ed1c3841a15ddc3609d2408cc?s=96&d=blank&r=g\",\"contentUrl\":\"https:\/\/secure.gravatar.com\/avatar\/5793502ed1c3841a15ddc3609d2408cc?s=96&d=blank&r=g\",\"caption\":\"Trident Newspaper\"},\"url\":\"https:\/\/tridentnewspaper.com\/fr\/author\/tridentnews\/\"}]}<\/script>\n<!-- \/ Yoast SEO plugin. -->","yoast_head_json":{"title":"Black History Month marked at CFB Halifax, 12 Wing | Trident Newspaper","robots":{"index":"index","follow":"follow","max-snippet":"max-snippet:-1","max-image-preview":"max-image-preview:large","max-video-preview":"max-video-preview:-1"},"canonical":"https:\/\/tridentnewspaper.com\/fr\/black-history-month-marked-at-cfb-halifax-12-wing\/","og_locale":"fr_CA","og_type":"article","og_title":"Black History Month marked at CFB Halifax, 12 Wing | Trident Newspaper","og_description":"February marks the 30th Anniversary of Black History Month being a nationally recognized observance in Canada and is also African Heritage Month in Nova Scotia.\u00a0The Pan-African flag was raised at CFB Halifax headquarters, at 12 Wing Shearwater, and aboard His Majesty&#8217;s Canadian Ships on February 2 in recognition of the [&hellip;]","og_url":"https:\/\/tridentnewspaper.com\/fr\/black-history-month-marked-at-cfb-halifax-12-wing\/","og_site_name":"Trident Newspaper","article_publisher":"https:\/\/www.facebook.com\/Trident-News-202801813483\/","article_published_time":"2026-02-11T19:36:23+00:00","og_image":[{"width":2560,"height":1708,"url":"https:\/\/tridentnewspaper.com\/wp-content\/uploads\/2026\/02\/20260202HSW0005P005-scaled.jpg","type":"image\/jpeg"}],"author":"Trident Newspaper","twitter_card":"summary_large_image","twitter_creator":"@trident_news","twitter_site":"@trident_news","twitter_misc":{"\u00c9crit par":"Trident Newspaper","Estimation du temps de lecture":"1 minute"},"schema":{"@context":"https:\/\/schema.org","@graph":[{"@type":"Article","@id":"https:\/\/tridentnewspaper.com\/black-history-month-marked-at-cfb-halifax-12-wing\/#article","isPartOf":{"@id":"https:\/\/tridentnewspaper.com\/black-history-month-marked-at-cfb-halifax-12-wing\/"},"author":{"name":"Trident Newspaper","@id":"https:\/\/tridentnewspaper.com\/#\/schema\/person\/f2244041a2dc6ebaa632ca1757e0c043"},"headline":"Black History Month marked at CFB Halifax, 12 Wing","datePublished":"2026-02-11T19:36:23+00:00","dateModified":"2026-02-11T19:36:23+00:00","mainEntityOfPage":{"@id":"https:\/\/tridentnewspaper.com\/black-history-month-marked-at-cfb-halifax-12-wing\/"},"wordCount":128,"publisher":{"@id":"https:\/\/tridentnewspaper.com\/#organization"},"image":{"@id":"https:\/\/tridentnewspaper.com\/black-history-month-marked-at-cfb-halifax-12-wing\/#primaryimage"},"thumbnailUrl":"https:\/\/tridentnewspaper.com\/wp-content\/uploads\/2026\/02\/20260202HSW0005P005-scaled.jpg","articleSection":["News Photo"],"inLanguage":"fr-CA"},{"@type":"WebPage","@id":"https:\/\/tridentnewspaper.com\/black-history-month-marked-at-cfb-halifax-12-wing\/","url":"https:\/\/tridentnewspaper.com\/black-history-month-marked-at-cfb-halifax-12-wing\/","name":"Black History Month marked at CFB Halifax, 12 Wing | Trident Newspaper","isPartOf":{"@id":"https:\/\/tridentnewspaper.com\/#website"},"primaryImageOfPage":{"@id":"https:\/\/tridentnewspaper.com\/black-history-month-marked-at-cfb-halifax-12-wing\/#primaryimage"},"image":{"@id":"https:\/\/tridentnewspaper.com\/black-history-month-marked-at-cfb-halifax-12-wing\/#primaryimage"},"thumbnailUrl":"https:\/\/tridentnewspaper.com\/wp-content\/uploads\/2026\/02\/20260202HSW0005P005-scaled.jpg","datePublished":"2026-02-11T19:36:23+00:00","dateModified":"2026-02-11T19:36:23+00:00","breadcrumb":{"@id":"https:\/\/tridentnewspaper.com\/black-history-month-marked-at-cfb-halifax-12-wing\/#breadcrumb"},"inLanguage":"fr-CA","potentialAction":[{"@type":"ReadAction","target":["https:\/\/tridentnewspaper.com\/black-history-month-marked-at-cfb-halifax-12-wing\/"]}]},{"@type":"ImageObject","inLanguage":"fr-CA","@id":"https:\/\/tridentnewspaper.com\/black-history-month-marked-at-cfb-halifax-12-wing\/#primaryimage","url":"https:\/\/tridentnewspaper.com\/wp-content\/uploads\/2026\/02\/20260202HSW0005P005-scaled.jpg","contentUrl":"https:\/\/tridentnewspaper.com\/wp-content\/uploads\/2026\/02\/20260202HSW0005P005-scaled.jpg","width":2560,"height":1708,"caption":"AVR GUILLAUME ROY"},{"@type":"BreadcrumbList","@id":"https:\/\/tridentnewspaper.com\/black-history-month-marked-at-cfb-halifax-12-wing\/#breadcrumb","itemListElement":[{"@type":"ListItem","position":1,"name":"Home","item":"https:\/\/tridentnewspaper.com\/"},{"@type":"ListItem","position":2,"name":"Black History Month marked at CFB Halifax, 12 Wing"}]},{"@type":"WebSite","@id":"https:\/\/tridentnewspaper.com\/#website","url":"https:\/\/tridentnewspaper.com\/","name":"Trident Newspaper","description":"CFB Halifax Trident Navy Newspaper","publisher":{"@id":"https:\/\/tridentnewspaper.com\/#organization"},"potentialAction":[{"@type":"SearchAction","target":{"@type":"EntryPoint","urlTemplate":"https:\/\/tridentnewspaper.com\/?s={search_term_string}"},"query-input":"required name=search_term_string"}],"inLanguage":"fr-CA"},{"@type":"Organization","@id":"https:\/\/tridentnewspaper.com\/#organization","name":"Trident Newspaper","url":"https:\/\/tridentnewspaper.com\/","logo":{"@type":"ImageObject","inLanguage":"fr-CA","@id":"https:\/\/tridentnewspaper.com\/#\/schema\/logo\/image\/","url":"https:\/\/tridentnewspaper.com\/wp-content\/uploads\/2017\/01\/Trident_Masthead_New_med.png","contentUrl":"https:\/\/tridentnewspaper.com\/wp-content\/uploads\/2017\/01\/Trident_Masthead_New_med.png","width":719,"height":181,"caption":"Trident Newspaper"},"image":{"@id":"https:\/\/tridentnewspaper.com\/#\/schema\/logo\/image\/"},"sameAs":["https:\/\/www.facebook.com\/Trident-News-202801813483\/","https:\/\/x.com\/trident_news"]},{"@type":"Person","@id":"https:\/\/tridentnewspaper.com\/#\/schema\/person\/f2244041a2dc6ebaa632ca1757e0c043","name":"Trident Newspaper","image":{"@type":"ImageObject","inLanguage":"fr-CA","@id":"https:\/\/tridentnewspaper.com\/#\/schema\/person\/image\/","url":"https:\/\/secure.gravatar.com\/avatar\/5793502ed1c3841a15ddc3609d2408cc?s=96&d=blank&r=g","contentUrl":"https:\/\/secure.gravatar.com\/avatar\/5793502ed1c3841a15ddc3609d2408cc?s=96&d=blank&r=g","caption":"Trident Newspaper"},"url":"https:\/\/tridentnewspaper.com\/fr\/author\/tridentnews\/"}]}},"jetpack_featured_media_url":"https:\/\/tridentnewspaper.com\/wp-content\/uploads\/2026\/02\/20260202HSW0005P005-scaled.jpg","jetpack_sharing_enabled":true,"jetpack_shortlink":"https:\/\/wp.me\/p8oCsG-4ak","_links":{"self":[{"href":"https:\/\/tridentnewspaper.com\/fr\/wp-json\/wp\/v2\/posts\/16016"}],"collection":[{"href":"https:\/\/tridentnewspaper.com\/fr\/wp-json\/wp\/v2\/posts"}],"about":[{"href":"https:\/\/tridentnewspaper.com\/fr\/wp-json\/wp\/v2\/types\/post"}],"author":[{"embeddable":true,"href":"https:\/\/tridentnewspaper.com\/fr\/wp-json\/wp\/v2\/users\/2"}],"replies":[{"embeddable":true,"href":"https:\/\/tridentnewspaper.com\/fr\/wp-json\/wp\/v2\/comments?post=16016"}],"version-history":[{"count":1,"href":"https:\/\/tridentnewspaper.com\/fr\/wp-json\/wp\/v2\/posts\/16016\/revisions"}],"predecessor-version":[{"id":16018,"href":"https:\/\/tridentnewspaper.com\/fr\/wp-json\/wp\/v2\/posts\/16016\/revisions\/16018"}],"wp:featuredmedia":[{"embeddable":true,"href":"https:\/\/tridentnewspaper.com\/fr\/wp-json\/wp\/v2\/media\/16017"}],"wp:attachment":[{"href":"https:\/\/tridentnewspaper.com\/fr\/wp-json\/wp\/v2\/media?parent=16016"}],"wp:term":[{"taxonomy":"category","embeddable":true,"href":"https:\/\/tridentnewspaper.com\/fr\/wp-json\/wp\/v2\/categories?post=16016"},{"taxonomy":"post_tag","embeddable":true,"href":"https:\/\/tridentnewspaper.com\/fr\/wp-json\/wp\/v2\/tags?post=16016"}],"curies":[{"name":"wp","href":"https:\/\/api.w.org\/{rel}","templated":true}]}}