{"id":13112,"date":"2024-08-02T20:35:23","date_gmt":"2024-08-02T23:35:23","guid":{"rendered":"https:\/\/tridentnewspaper.com\/?p=13112"},"modified":"2024-08-02T20:35:23","modified_gmt":"2024-08-02T23:35:23","slug":"new-base-commander-highlights-cfb-halifaxs-community-ties","status":"publish","type":"post","link":"https:\/\/tridentnewspaper.com\/fr\/new-base-commander-highlights-cfb-halifaxs-community-ties\/","title":{"rendered":"La nouvelle commandante de la base souligne les liens communautaires de la BFC Halifax\u00a0"},"content":{"rendered":"<figure id=\"attachment_13113\" aria-describedby=\"caption-attachment-13113\" style=\"width: 810px\" class=\"wp-caption alignnone\"><img loading=\"lazy\" decoding=\"async\" class=\"size-large wp-image-13113\" src=\"https:\/\/tridentnewspaper.com\/wp-content\/uploads\/2024\/08\/Base-Commander-COC-2024-1024x681.jpg\" alt=\"\" width=\"810\" height=\"539\" srcset=\"https:\/\/tridentnewspaper.com\/wp-content\/uploads\/2024\/08\/Base-Commander-COC-2024-1024x681.jpg 1024w, https:\/\/tridentnewspaper.com\/wp-content\/uploads\/2024\/08\/Base-Commander-COC-2024-300x200.jpg 300w, https:\/\/tridentnewspaper.com\/wp-content\/uploads\/2024\/08\/Base-Commander-COC-2024-768x511.jpg 768w, https:\/\/tridentnewspaper.com\/wp-content\/uploads\/2024\/08\/Base-Commander-COC-2024-1536x1022.jpg 1536w, https:\/\/tridentnewspaper.com\/wp-content\/uploads\/2024\/08\/Base-Commander-COC-2024-2048x1363.jpg 2048w, https:\/\/tridentnewspaper.com\/wp-content\/uploads\/2024\/08\/Base-Commander-COC-2024-18x12.jpg 18w, https:\/\/tridentnewspaper.com\/wp-content\/uploads\/2024\/08\/Base-Commander-COC-2024-431x287.jpg 431w, https:\/\/tridentnewspaper.com\/wp-content\/uploads\/2024\/08\/Base-Commander-COC-2024-862x574.jpg 862w\" sizes=\"(max-width: 810px) 100vw, 810px\" \/><figcaption id=\"caption-attachment-13113\" class=\"wp-caption-text\">La Capitaine de vaisseau Annick Fortin, \u00e0 gauche, a pris le commandement de la Base des Forces canadiennes (BFC) Halifax en remplacement du Capv Andy MacKenzie, \u00e0 droite, lors d'une c\u00e9r\u00e9monie de passation de commandement qui s'est d\u00e9roul\u00e9e \u00e0 l'ext\u00e9rieur du Mus\u00e9e naval d'Halifax. La Contre-amiral Jos\u00e9e Kurtz, commandante des Forces maritimes de l'Atlantique et de la Force op\u00e9rationnelle interarm\u00e9es de l'Atlantique, a pr\u00e9sid\u00e9 la c\u00e9r\u00e9monie.<br \/>LE SDT BRENDAN GAMACHE<\/figcaption><\/figure>\n<h3><b><span data-contrast=\"none\">La nouvelle commandante de la base souligne les liens communautaires de la BFC Halifax<\/span><\/b><span data-ccp-props=\"{&quot;134233117&quot;:false,&quot;134233118&quot;:false,&quot;201341983&quot;:0,&quot;335551550&quot;:1,&quot;335551620&quot;:1,&quot;335559685&quot;:0,&quot;335559737&quot;:0,&quot;335559738&quot;:0,&quot;335559739&quot;:160,&quot;335559740&quot;:279}\">\u00a0<\/span><\/h3>\n<p><b><span data-contrast=\"none\">Par Nathan Stone,<\/span><\/b><br \/>\n<span data-contrast=\"none\">L\u2019\u00e9quipe du Trident<\/span><span data-ccp-props=\"{&quot;201341983&quot;:0,&quot;335559739&quot;:160,&quot;335559740&quot;:279}\">\u00a0<\/span><\/p>\n<figure id=\"attachment_13114\" aria-describedby=\"caption-attachment-13114\" style=\"width: 355px\" class=\"wp-caption alignright\"><img loading=\"lazy\" decoding=\"async\" class=\"wp-image-13114\" src=\"https:\/\/tridentnewspaper.com\/wp-content\/uploads\/2024\/08\/20240724HSM0425D029-1024x768.jpg\" alt=\"\" width=\"355\" height=\"266\" srcset=\"https:\/\/tridentnewspaper.com\/wp-content\/uploads\/2024\/08\/20240724HSM0425D029-1024x768.jpg 1024w, https:\/\/tridentnewspaper.com\/wp-content\/uploads\/2024\/08\/20240724HSM0425D029-300x225.jpg 300w, https:\/\/tridentnewspaper.com\/wp-content\/uploads\/2024\/08\/20240724HSM0425D029-768x576.jpg 768w, https:\/\/tridentnewspaper.com\/wp-content\/uploads\/2024\/08\/20240724HSM0425D029-1536x1152.jpg 1536w, https:\/\/tridentnewspaper.com\/wp-content\/uploads\/2024\/08\/20240724HSM0425D029-2048x1536.jpg 2048w, https:\/\/tridentnewspaper.com\/wp-content\/uploads\/2024\/08\/20240724HSM0425D029-16x12.jpg 16w, https:\/\/tridentnewspaper.com\/wp-content\/uploads\/2024\/08\/20240724HSM0425D029-431x323.jpg 431w, https:\/\/tridentnewspaper.com\/wp-content\/uploads\/2024\/08\/20240724HSM0425D029-862x647.jpg 862w, https:\/\/tridentnewspaper.com\/wp-content\/uploads\/2024\/08\/20240724HSM0425D029-scaled-130x96.jpg 130w\" sizes=\"(max-width: 355px) 100vw, 355px\" \/><figcaption id=\"caption-attachment-13114\" class=\"wp-caption-text\">En tant que commandante de la BFC Halifax, la Capv Fortin dirigera une \u00e9quipe qualifi\u00e9e d\u2019environ 1 400 membres de l\u2019\u00c9quipe de la D\u00e9fense qui fournissent un soutien administratif, logistique et informatique, ainsi que des services de soutien \u00e0 la direction, et qui assurent les services d\u2019op\u00e9rations portuaires et d\u2019urgence destin\u00e9s aux FMAR(A), aux unit\u00e9s h\u00e9berg\u00e9es locales et aux 10 000 membres des Forces arm\u00e9es canadiennes et employ\u00e9s civils du minist\u00e8re de la D\u00e9fense nationale qui vivent et travaillent dans la r\u00e9gion d\u2019Halifax. Elle deviendra \u00e9galement la championne r\u00e9gionale du Groupe consultatif des minorit\u00e9s visibles de la D\u00e9fense<br \/>LE SDT BRENDAN GAMACHE<\/figcaption><\/figure>\n<p><span data-contrast=\"none\">Des dignitaires militaires et civils se sont r\u00e9unis lors d'une c\u00e9r\u00e9monie ensoleill\u00e9e \u00e0 l'ext\u00e9rieur du Mus\u00e9e naval d'Halifax pour accueillir la nouvelle commandante de la Base des Forces canadiennes (BFC) Halifax et rendre hommage \u00e0 son pr\u00e9d\u00e9cesseur.<\/span><span data-ccp-props=\"{&quot;201341983&quot;:0,&quot;335559739&quot;:160,&quot;335559740&quot;:279}\">\u00a0<\/span><\/p>\n<p><span data-contrast=\"none\">La capitaine de vaisseau (Capv) Annick Fortin a pris le commandement de la BFC Halifax en remplacement du commandant sortant de la base, le Capv Andy Mackenzie, lors d'une c\u00e9r\u00e9monie de passation de commandement qui s'est d\u00e9roul\u00e9e le 24 juillet.\u00a0<\/span><span data-ccp-props=\"{&quot;201341983&quot;:0,&quot;335559739&quot;:160,&quot;335559740&quot;:279}\">\u00a0<\/span><\/p>\n<p><span data-contrast=\"none\">Dans son discours d'ouverture, la Capv Fortin a d\u00e9clar\u00e9 que la BFC Halifax est unique en raison de son emplacement central dans la ville et des liens solides qu'elle entretient avec la communaut\u00e9.<\/span><span data-ccp-props=\"{&quot;201341983&quot;:0,&quot;335559739&quot;:160,&quot;335559740&quot;:279}\">\u00a0<\/span><\/p>\n<p><span data-contrast=\"none\">\u00ab Je m'engage \u00e0 maintenir ces relations solides \", a-t-elle soulign\u00e9. \u00bb<\/span><span data-ccp-props=\"{&quot;201341983&quot;:0,&quot;335559739&quot;:160,&quot;335559740&quot;:279}\">\u00a0<\/span><\/p>\n<p><span data-contrast=\"none\">Le maire de Halifax, Mike Savage, la d\u00e9put\u00e9e provinciale Barb Adams et le d\u00e9put\u00e9 f\u00e9d\u00e9ral Andy Fillmore, qui repr\u00e9sentaient chacun leur palier de gouvernement respectif \u00e0 la c\u00e9r\u00e9monie, \u00e9taient pr\u00e9sents. Les premiers intervenants de Halifax ont \u00e9galement marqu\u00e9 l'occasion, avec des repr\u00e9sentants de la police r\u00e9gionale de Halifax et des services r\u00e9gionaux d'incendie et d'urgence de Halifax.<\/span><span data-ccp-props=\"{&quot;201341983&quot;:0,&quot;335559739&quot;:160,&quot;335559740&quot;:279}\">\u00a0<\/span><\/p>\n<p class=\" translation-block\">Avant sa nomination au poste de commandante de la base, la Capv Fortin occupait le poste de commandant du NCSM Winnipeg depuis 2022 et avait termin\u00e9 le programme de s\u00e9curit\u00e9 nationale du Coll\u00e8ge des Forces canadiennes en 2024. Elle reconna\u00eet que le travail effectu\u00e9 sur la base \u00ab ne reste pas \u00e0 terre \u00bb et que la BFC Halifax a un r\u00f4le essentiel \u00e0 jouer pour que la flotte soit pr\u00eate \u00e0 respecter les calendriers de navigation exigeants.<\/p>\n<p><span data-contrast=\"none\">\u00ab Il s'agit d'un r\u00f4le essentiel pour soutenir l'\u00e9tat de pr\u00e9paration op\u00e9rationnelle au pays et \u00e0 l'\u00e9tranger. \u00bb<\/span><span data-ccp-props=\"{&quot;201341983&quot;:0,&quot;335559739&quot;:160,&quot;335559740&quot;:279}\">\u00a0<\/span><\/p>\n<p><span data-contrast=\"none\">Elle a ajout\u00e9 qu'elle comptait sur la comp\u00e9tence et le professionnalisme du personnel de la base et qu'en retour, ils pouvaient compter sur elle pour les soutenir.\u00a0<\/span><span data-ccp-props=\"{&quot;201341983&quot;:0,&quot;335559739&quot;:160,&quot;335559740&quot;:279}\">\u00a0<\/span><\/p>\n<p><span data-contrast=\"none\">\u00ab Vous \u00eates l'\u00e9pine dorsale de mon op\u00e9ration, alors sachez que je suis l\u00e0 pour vous soutenir et vous diriger pendant que nous relevons les d\u00e9fis \u00bb, a-t-elle d\u00e9clar\u00e9.<\/span><span data-ccp-props=\"{&quot;201341983&quot;:0,&quot;335559739&quot;:160,&quot;335559740&quot;:279}\">\u00a0<\/span><\/p>\n<p><span data-contrast=\"none\">La Capv Fortin a \u00e9galement eu des mots aimables pour le commandant sortant de la base, le Capv Mackenzie.\u00a0<\/span><span data-ccp-props=\"{&quot;134233117&quot;:false,&quot;134233118&quot;:false,&quot;201341983&quot;:0,&quot;335551550&quot;:1,&quot;335551620&quot;:1,&quot;335559685&quot;:0,&quot;335559737&quot;:0,&quot;335559738&quot;:0,&quot;335559739&quot;:160,&quot;335559740&quot;:279}\">\u00a0<\/span><\/p>\n<p><span data-contrast=\"none\">\u00ab Je tiens \u00e0 vous exprimer ma gratitude pour votre leadership et votre d\u00e9vouement exceptionnels, votre engagement in\u00e9branlable \u00e0 l'\u00e9gard de l'excellence et votre volont\u00e9 d'\u00e9tablir des normes \u00e9lev\u00e9es. Votre impact sur la base et son personnel est profond. \u00bb<\/span><span data-ccp-props=\"{&quot;134233117&quot;:false,&quot;134233118&quot;:false,&quot;201341983&quot;:0,&quot;335551550&quot;:1,&quot;335551620&quot;:1,&quot;335559685&quot;:0,&quot;335559737&quot;:0,&quot;335559738&quot;:0,&quot;335559739&quot;:160,&quot;335559740&quot;:279}\">\u00a0<\/span><\/p>\n<p><span data-contrast=\"none\">Le Capv Mackenzie a lui-m\u00eame remerci\u00e9 une longue liste de personnes et de groupes alors qu'il se pr\u00e9parait \u00e0 quitter ses fonctions, notamment les unit\u00e9s militaires et le personnel de l'ensemble de la base, la Chambre de commerce d'Halifax et d'autres groupes communautaires, les repr\u00e9sentants du gouvernement pr\u00e9sents, ainsi que ses amis et sa famille.\u00a0<\/span><span data-ccp-props=\"{&quot;134233117&quot;:false,&quot;134233118&quot;:false,&quot;201341983&quot;:0,&quot;335551550&quot;:1,&quot;335551620&quot;:1,&quot;335559685&quot;:0,&quot;335559737&quot;:0,&quot;335559738&quot;:0,&quot;335559739&quot;:160,&quot;335559740&quot;:279}\">\u00a0<\/span><\/p>\n<p class=\" translation-block\">Ancien sous-marinier et commandant du Navire canadien de Sa Majest\u00e9 (NCSM) Windsor, le Capv Mackenzie a laiss\u00e9 transpara\u00eetre ses racines tout au long de sa passation de commandement. Une grande maquette d'un sous-marin de classe Victoria \u00e9tait expos\u00e9e pour l'\u00e9v\u00e9nement, et le Capv Mackenzie a plaisant\u00e9 en disant qu'il aurait pr\u00e9f\u00e9r\u00e9 porter sa salopette de sous-marin pour la journ\u00e9e.<\/p>\n<p><span data-contrast=\"none\">Le commandant sortant de la base a ajout\u00e9 que l'une des priorit\u00e9s de son mandat avait \u00e9t\u00e9 de faire en sorte que la BFC Halifax \u00ab ressemble davantage \u00e0 un sous-marin \u00bb, soulignant qu'un \u00e9quipage de sous-marin doit compter sur un excellent travail d'\u00e9quipe, une unit\u00e9 d'action et une confiance totale en ses co\u00e9quipiers, quelle que soit la situation.<\/span><span data-ccp-props=\"{&quot;134233117&quot;:false,&quot;134233118&quot;:false,&quot;201341983&quot;:0,&quot;335551550&quot;:1,&quot;335551620&quot;:1,&quot;335559685&quot;:0,&quot;335559737&quot;:0,&quot;335559738&quot;:0,&quot;335559739&quot;:160,&quot;335559740&quot;:279}\">\u00a0<\/span><\/p>\n<p class=\" translation-block\">La contre-amiral Jos\u00e9e Kurtz, commandante des Forces maritimes de l'Atlantique et de la Force op\u00e9rationnelle interarm\u00e9es de l'Atlantique, a pr\u00e9sid\u00e9 la c\u00e9r\u00e9monie. Elle a qualifi\u00e9 la Capv Fortin de \" s\u0153ur \" lorsqu'elle a accueilli le nouveau commandant de la base, faisant r\u00e9f\u00e9rence au temps o\u00f9 les deux officiers ont servi ensemble \u00e0 bord du NCSM Vancouver, plus t\u00f4t dans leur carri\u00e8re.<\/p>\n<p><span data-contrast=\"none\">\u00ab Je suis ravie de travailler \u00e0 nouveau avec vous dans le cadre de nos nouvelles responsabilit\u00e9s respectives \u00bb, a-t-elle d\u00e9clar\u00e9.<\/span><span data-ccp-props=\"{&quot;134233117&quot;:false,&quot;134233118&quot;:false,&quot;201341983&quot;:0,&quot;335551550&quot;:1,&quot;335551620&quot;:1,&quot;335559685&quot;:0,&quot;335559737&quot;:0,&quot;335559738&quot;:0,&quot;335559739&quot;:160,&quot;335559740&quot;:279}\">\u00a0<\/span><\/p>\n<p><span data-contrast=\"none\">Elle a ajout\u00e9 que le nouveau commandant de la base h\u00e9ritait d'une organisation solide et que la Capv Fortin aurait l'occasion de s'appuyer sur le travail positif accompli au cours des derni\u00e8res ann\u00e9es.<\/span><span data-ccp-props=\"{&quot;134233117&quot;:false,&quot;134233118&quot;:false,&quot;201341983&quot;:0,&quot;335551550&quot;:1,&quot;335551620&quot;:1,&quot;335559685&quot;:0,&quot;335559737&quot;:0,&quot;335559738&quot;:0,&quot;335559739&quot;:160,&quot;335559740&quot;:279}\">\u00a0<\/span><\/p>\n<p><span data-contrast=\"none\">\u00ab Le succ\u00e8s du Capv Mackenzie est votre fondation. \u00bb\u00a0\u00a0\u00a0<\/span><span data-ccp-props=\"{&quot;134233117&quot;:false,&quot;134233118&quot;:false,&quot;201341983&quot;:0,&quot;335551550&quot;:1,&quot;335551620&quot;:1,&quot;335559685&quot;:0,&quot;335559737&quot;:0,&quot;335559738&quot;:0,&quot;335559739&quot;:160,&quot;335559740&quot;:279}\">\u00a0<\/span><\/p>\n<p class=\" translation-block\">\u00c0 la fin de la c\u00e9r\u00e9monie, la Musique Stadacona a fait un dernier clin d'\u0153il au Capv Mackenzie alors qu'il quittait les lieux avec sa famille, en jouant une version enjou\u00e9e de Yellow Submarine des Beatles.<\/p>","protected":false},"excerpt":{"rendered":"<p>New Base Commander highlights CFB Halifax\u2019s community ties\u00a0 By Nathan Stone, Trident Staff\u00a0 Military and civilian leaders gathered for a sunny ceremony outside the Naval Museum of Halifax to welcome the new commanding officer of Canadian Forces Base (CFB) Halifax and pay tribute to her predecessor.\u00a0 Captain(N) (Capt(N)) Annick Fortin [&hellip;]<\/p>","protected":false},"author":2,"featured_media":13114,"comment_status":"closed","ping_status":"closed","sticky":false,"template":"","format":"standard","meta":{"_monsterinsights_skip_tracking":false,"_monsterinsights_sitenote_active":false,"_monsterinsights_sitenote_note":"","_monsterinsights_sitenote_category":0,"jetpack_post_was_ever_published":false,"_jetpack_newsletter_access":"","_jetpack_dont_email_post_to_subs":false,"_jetpack_newsletter_tier_id":0,"_jetpack_memberships_contains_paywalled_content":false,"footnotes":"","_jetpack_memberships_contains_paid_content":false,"jetpack_publicize_message":"","jetpack_publicize_feature_enabled":true,"jetpack_social_post_already_shared":true,"jetpack_social_options":{"image_generator_settings":{"template":"highway","enabled":false}}},"categories":[13],"tags":[],"jetpack_publicize_connections":[],"yoast_head":"<!-- This site is optimized with the Yoast SEO plugin v22.6 - https:\/\/yoast.com\/wordpress\/plugins\/seo\/ -->\n<title>New Base Commander highlights CFB Halifax\u2019s community ties\u00a0 | Trident Newspaper<\/title>\n<meta name=\"robots\" content=\"index, follow, max-snippet:-1, max-image-preview:large, max-video-preview:-1\" \/>\n<link rel=\"canonical\" href=\"https:\/\/tridentnewspaper.com\/fr\/new-base-commander-highlights-cfb-halifaxs-community-ties\/\" \/>\n<meta property=\"og:locale\" content=\"fr_CA\" \/>\n<meta property=\"og:type\" content=\"article\" \/>\n<meta property=\"og:title\" content=\"New Base Commander highlights CFB Halifax\u2019s community ties\u00a0 | Trident Newspaper\" \/>\n<meta property=\"og:description\" content=\"New Base Commander highlights CFB Halifax\u2019s community ties\u00a0 By Nathan Stone, Trident Staff\u00a0 Military and civilian leaders gathered for a sunny ceremony outside the Naval Museum of Halifax to welcome the new commanding officer of Canadian Forces Base (CFB) Halifax and pay tribute to her predecessor.\u00a0 Captain(N) (Capt(N)) Annick Fortin [&hellip;]\" \/>\n<meta property=\"og:url\" content=\"https:\/\/tridentnewspaper.com\/fr\/new-base-commander-highlights-cfb-halifaxs-community-ties\/\" \/>\n<meta property=\"og:site_name\" content=\"Trident Newspaper\" \/>\n<meta property=\"article:publisher\" content=\"https:\/\/www.facebook.com\/Trident-News-202801813483\/\" \/>\n<meta property=\"article:published_time\" content=\"2024-08-02T23:35:23+00:00\" \/>\n<meta property=\"og:image\" content=\"https:\/\/tridentnewspaper.com\/wp-content\/uploads\/2024\/08\/20240724HSM0425D029-scaled.jpg\" \/>\n\t<meta property=\"og:image:width\" content=\"2560\" \/>\n\t<meta property=\"og:image:height\" content=\"1920\" \/>\n\t<meta property=\"og:image:type\" content=\"image\/jpeg\" \/>\n<meta name=\"author\" content=\"Trident Newspaper\" \/>\n<meta name=\"twitter:card\" content=\"summary_large_image\" \/>\n<meta name=\"twitter:creator\" content=\"@trident_news\" \/>\n<meta name=\"twitter:site\" content=\"@trident_news\" \/>\n<meta name=\"twitter:label1\" content=\"\u00c9crit par\" \/>\n\t<meta name=\"twitter:data1\" content=\"Trident Newspaper\" \/>\n\t<meta name=\"twitter:label2\" content=\"Estimation du temps de lecture\" \/>\n\t<meta name=\"twitter:data2\" content=\"4 minutes\" \/>\n<script type=\"application\/ld+json\" class=\"yoast-schema-graph\">{\"@context\":\"https:\/\/schema.org\",\"@graph\":[{\"@type\":\"Article\",\"@id\":\"https:\/\/tridentnewspaper.com\/new-base-commander-highlights-cfb-halifaxs-community-ties\/#article\",\"isPartOf\":{\"@id\":\"https:\/\/tridentnewspaper.com\/new-base-commander-highlights-cfb-halifaxs-community-ties\/\"},\"author\":{\"name\":\"Trident Newspaper\",\"@id\":\"https:\/\/tridentnewspaper.com\/#\/schema\/person\/f2244041a2dc6ebaa632ca1757e0c043\"},\"headline\":\"New Base Commander highlights CFB Halifax\u2019s community ties\u00a0\",\"datePublished\":\"2024-08-02T23:35:23+00:00\",\"dateModified\":\"2024-08-02T23:35:23+00:00\",\"mainEntityOfPage\":{\"@id\":\"https:\/\/tridentnewspaper.com\/new-base-commander-highlights-cfb-halifaxs-community-ties\/\"},\"wordCount\":780,\"publisher\":{\"@id\":\"https:\/\/tridentnewspaper.com\/#organization\"},\"image\":{\"@id\":\"https:\/\/tridentnewspaper.com\/new-base-commander-highlights-cfb-halifaxs-community-ties\/#primaryimage\"},\"thumbnailUrl\":\"https:\/\/tridentnewspaper.com\/wp-content\/uploads\/2024\/08\/20240724HSM0425D029-scaled.jpg\",\"articleSection\":[\"News\"],\"inLanguage\":\"fr-CA\"},{\"@type\":\"WebPage\",\"@id\":\"https:\/\/tridentnewspaper.com\/new-base-commander-highlights-cfb-halifaxs-community-ties\/\",\"url\":\"https:\/\/tridentnewspaper.com\/new-base-commander-highlights-cfb-halifaxs-community-ties\/\",\"name\":\"New Base Commander highlights CFB Halifax\u2019s community ties\u00a0 | Trident Newspaper\",\"isPartOf\":{\"@id\":\"https:\/\/tridentnewspaper.com\/#website\"},\"primaryImageOfPage\":{\"@id\":\"https:\/\/tridentnewspaper.com\/new-base-commander-highlights-cfb-halifaxs-community-ties\/#primaryimage\"},\"image\":{\"@id\":\"https:\/\/tridentnewspaper.com\/new-base-commander-highlights-cfb-halifaxs-community-ties\/#primaryimage\"},\"thumbnailUrl\":\"https:\/\/tridentnewspaper.com\/wp-content\/uploads\/2024\/08\/20240724HSM0425D029-scaled.jpg\",\"datePublished\":\"2024-08-02T23:35:23+00:00\",\"dateModified\":\"2024-08-02T23:35:23+00:00\",\"breadcrumb\":{\"@id\":\"https:\/\/tridentnewspaper.com\/new-base-commander-highlights-cfb-halifaxs-community-ties\/#breadcrumb\"},\"inLanguage\":\"fr-CA\",\"potentialAction\":[{\"@type\":\"ReadAction\",\"target\":[\"https:\/\/tridentnewspaper.com\/new-base-commander-highlights-cfb-halifaxs-community-ties\/\"]}]},{\"@type\":\"ImageObject\",\"inLanguage\":\"fr-CA\",\"@id\":\"https:\/\/tridentnewspaper.com\/new-base-commander-highlights-cfb-halifaxs-community-ties\/#primaryimage\",\"url\":\"https:\/\/tridentnewspaper.com\/wp-content\/uploads\/2024\/08\/20240724HSM0425D029-scaled.jpg\",\"contentUrl\":\"https:\/\/tridentnewspaper.com\/wp-content\/uploads\/2024\/08\/20240724HSM0425D029-scaled.jpg\",\"width\":2560,\"height\":1920,\"caption\":\"As Base Commander, Capt(N) Fortin will lead a skilled team of approximately 1,400 Defence Team members who provide administrative, logistics, information technology, and executive services support as well as port operations and emergency services to MARLANT, local lodger units, and the 10,000 Canadian Armed Forces members and civilian Department of National Defence employees who live and work in the Halifax region. She will also become the regional Defence Visible Minorities Advisory Group Champion. PTE BRENDAN GAMACHE\"},{\"@type\":\"BreadcrumbList\",\"@id\":\"https:\/\/tridentnewspaper.com\/new-base-commander-highlights-cfb-halifaxs-community-ties\/#breadcrumb\",\"itemListElement\":[{\"@type\":\"ListItem\",\"position\":1,\"name\":\"Home\",\"item\":\"https:\/\/tridentnewspaper.com\/\"},{\"@type\":\"ListItem\",\"position\":2,\"name\":\"New Base Commander highlights CFB Halifax\u2019s community ties\u00a0\"}]},{\"@type\":\"WebSite\",\"@id\":\"https:\/\/tridentnewspaper.com\/#website\",\"url\":\"https:\/\/tridentnewspaper.com\/\",\"name\":\"Trident Newspaper\",\"description\":\"CFB Halifax Trident Navy Newspaper\",\"publisher\":{\"@id\":\"https:\/\/tridentnewspaper.com\/#organization\"},\"potentialAction\":[{\"@type\":\"SearchAction\",\"target\":{\"@type\":\"EntryPoint\",\"urlTemplate\":\"https:\/\/tridentnewspaper.com\/?s={search_term_string}\"},\"query-input\":\"required name=search_term_string\"}],\"inLanguage\":\"fr-CA\"},{\"@type\":\"Organization\",\"@id\":\"https:\/\/tridentnewspaper.com\/#organization\",\"name\":\"Trident Newspaper\",\"url\":\"https:\/\/tridentnewspaper.com\/\",\"logo\":{\"@type\":\"ImageObject\",\"inLanguage\":\"fr-CA\",\"@id\":\"https:\/\/tridentnewspaper.com\/#\/schema\/logo\/image\/\",\"url\":\"https:\/\/tridentnewspaper.com\/wp-content\/uploads\/2017\/01\/Trident_Masthead_New_med.png\",\"contentUrl\":\"https:\/\/tridentnewspaper.com\/wp-content\/uploads\/2017\/01\/Trident_Masthead_New_med.png\",\"width\":719,\"height\":181,\"caption\":\"Trident Newspaper\"},\"image\":{\"@id\":\"https:\/\/tridentnewspaper.com\/#\/schema\/logo\/image\/\"},\"sameAs\":[\"https:\/\/www.facebook.com\/Trident-News-202801813483\/\",\"https:\/\/x.com\/trident_news\"]},{\"@type\":\"Person\",\"@id\":\"https:\/\/tridentnewspaper.com\/#\/schema\/person\/f2244041a2dc6ebaa632ca1757e0c043\",\"name\":\"Trident Newspaper\",\"image\":{\"@type\":\"ImageObject\",\"inLanguage\":\"fr-CA\",\"@id\":\"https:\/\/tridentnewspaper.com\/#\/schema\/person\/image\/\",\"url\":\"https:\/\/secure.gravatar.com\/avatar\/5793502ed1c3841a15ddc3609d2408cc?s=96&d=blank&r=g\",\"contentUrl\":\"https:\/\/secure.gravatar.com\/avatar\/5793502ed1c3841a15ddc3609d2408cc?s=96&d=blank&r=g\",\"caption\":\"Trident Newspaper\"},\"url\":\"https:\/\/tridentnewspaper.com\/fr\/author\/tridentnews\/\"}]}<\/script>\n<!-- \/ Yoast SEO plugin. -->","yoast_head_json":{"title":"New Base Commander highlights CFB Halifax\u2019s community ties\u00a0 | Trident Newspaper","robots":{"index":"index","follow":"follow","max-snippet":"max-snippet:-1","max-image-preview":"max-image-preview:large","max-video-preview":"max-video-preview:-1"},"canonical":"https:\/\/tridentnewspaper.com\/fr\/new-base-commander-highlights-cfb-halifaxs-community-ties\/","og_locale":"fr_CA","og_type":"article","og_title":"New Base Commander highlights CFB Halifax\u2019s community ties\u00a0 | Trident Newspaper","og_description":"New Base Commander highlights CFB Halifax\u2019s community ties\u00a0 By Nathan Stone, Trident Staff\u00a0 Military and civilian leaders gathered for a sunny ceremony outside the Naval Museum of Halifax to welcome the new commanding officer of Canadian Forces Base (CFB) Halifax and pay tribute to her predecessor.\u00a0 Captain(N) (Capt(N)) Annick Fortin [&hellip;]","og_url":"https:\/\/tridentnewspaper.com\/fr\/new-base-commander-highlights-cfb-halifaxs-community-ties\/","og_site_name":"Trident Newspaper","article_publisher":"https:\/\/www.facebook.com\/Trident-News-202801813483\/","article_published_time":"2024-08-02T23:35:23+00:00","og_image":[{"width":2560,"height":1920,"url":"https:\/\/tridentnewspaper.com\/wp-content\/uploads\/2024\/08\/20240724HSM0425D029-scaled.jpg","type":"image\/jpeg"}],"author":"Trident Newspaper","twitter_card":"summary_large_image","twitter_creator":"@trident_news","twitter_site":"@trident_news","twitter_misc":{"\u00c9crit par":"Trident Newspaper","Estimation du temps de lecture":"4 minutes"},"schema":{"@context":"https:\/\/schema.org","@graph":[{"@type":"Article","@id":"https:\/\/tridentnewspaper.com\/new-base-commander-highlights-cfb-halifaxs-community-ties\/#article","isPartOf":{"@id":"https:\/\/tridentnewspaper.com\/new-base-commander-highlights-cfb-halifaxs-community-ties\/"},"author":{"name":"Trident Newspaper","@id":"https:\/\/tridentnewspaper.com\/#\/schema\/person\/f2244041a2dc6ebaa632ca1757e0c043"},"headline":"New Base Commander highlights CFB Halifax\u2019s community ties\u00a0","datePublished":"2024-08-02T23:35:23+00:00","dateModified":"2024-08-02T23:35:23+00:00","mainEntityOfPage":{"@id":"https:\/\/tridentnewspaper.com\/new-base-commander-highlights-cfb-halifaxs-community-ties\/"},"wordCount":780,"publisher":{"@id":"https:\/\/tridentnewspaper.com\/#organization"},"image":{"@id":"https:\/\/tridentnewspaper.com\/new-base-commander-highlights-cfb-halifaxs-community-ties\/#primaryimage"},"thumbnailUrl":"https:\/\/tridentnewspaper.com\/wp-content\/uploads\/2024\/08\/20240724HSM0425D029-scaled.jpg","articleSection":["News"],"inLanguage":"fr-CA"},{"@type":"WebPage","@id":"https:\/\/tridentnewspaper.com\/new-base-commander-highlights-cfb-halifaxs-community-ties\/","url":"https:\/\/tridentnewspaper.com\/new-base-commander-highlights-cfb-halifaxs-community-ties\/","name":"New Base Commander highlights CFB Halifax\u2019s community ties\u00a0 | Trident Newspaper","isPartOf":{"@id":"https:\/\/tridentnewspaper.com\/#website"},"primaryImageOfPage":{"@id":"https:\/\/tridentnewspaper.com\/new-base-commander-highlights-cfb-halifaxs-community-ties\/#primaryimage"},"image":{"@id":"https:\/\/tridentnewspaper.com\/new-base-commander-highlights-cfb-halifaxs-community-ties\/#primaryimage"},"thumbnailUrl":"https:\/\/tridentnewspaper.com\/wp-content\/uploads\/2024\/08\/20240724HSM0425D029-scaled.jpg","datePublished":"2024-08-02T23:35:23+00:00","dateModified":"2024-08-02T23:35:23+00:00","breadcrumb":{"@id":"https:\/\/tridentnewspaper.com\/new-base-commander-highlights-cfb-halifaxs-community-ties\/#breadcrumb"},"inLanguage":"fr-CA","potentialAction":[{"@type":"ReadAction","target":["https:\/\/tridentnewspaper.com\/new-base-commander-highlights-cfb-halifaxs-community-ties\/"]}]},{"@type":"ImageObject","inLanguage":"fr-CA","@id":"https:\/\/tridentnewspaper.com\/new-base-commander-highlights-cfb-halifaxs-community-ties\/#primaryimage","url":"https:\/\/tridentnewspaper.com\/wp-content\/uploads\/2024\/08\/20240724HSM0425D029-scaled.jpg","contentUrl":"https:\/\/tridentnewspaper.com\/wp-content\/uploads\/2024\/08\/20240724HSM0425D029-scaled.jpg","width":2560,"height":1920,"caption":"As Base Commander, Capt(N) Fortin will lead a skilled team of approximately 1,400 Defence Team members who provide administrative, logistics, information technology, and executive services support as well as port operations and emergency services to MARLANT, local lodger units, and the 10,000 Canadian Armed Forces members and civilian Department of National Defence employees who live and work in the Halifax region. She will also become the regional Defence Visible Minorities Advisory Group Champion. PTE BRENDAN GAMACHE"},{"@type":"BreadcrumbList","@id":"https:\/\/tridentnewspaper.com\/new-base-commander-highlights-cfb-halifaxs-community-ties\/#breadcrumb","itemListElement":[{"@type":"ListItem","position":1,"name":"Home","item":"https:\/\/tridentnewspaper.com\/"},{"@type":"ListItem","position":2,"name":"New Base Commander highlights CFB Halifax\u2019s community ties\u00a0"}]},{"@type":"WebSite","@id":"https:\/\/tridentnewspaper.com\/#website","url":"https:\/\/tridentnewspaper.com\/","name":"Trident Newspaper","description":"CFB Halifax Trident Navy Newspaper","publisher":{"@id":"https:\/\/tridentnewspaper.com\/#organization"},"potentialAction":[{"@type":"SearchAction","target":{"@type":"EntryPoint","urlTemplate":"https:\/\/tridentnewspaper.com\/?s={search_term_string}"},"query-input":"required name=search_term_string"}],"inLanguage":"fr-CA"},{"@type":"Organization","@id":"https:\/\/tridentnewspaper.com\/#organization","name":"Trident Newspaper","url":"https:\/\/tridentnewspaper.com\/","logo":{"@type":"ImageObject","inLanguage":"fr-CA","@id":"https:\/\/tridentnewspaper.com\/#\/schema\/logo\/image\/","url":"https:\/\/tridentnewspaper.com\/wp-content\/uploads\/2017\/01\/Trident_Masthead_New_med.png","contentUrl":"https:\/\/tridentnewspaper.com\/wp-content\/uploads\/2017\/01\/Trident_Masthead_New_med.png","width":719,"height":181,"caption":"Trident Newspaper"},"image":{"@id":"https:\/\/tridentnewspaper.com\/#\/schema\/logo\/image\/"},"sameAs":["https:\/\/www.facebook.com\/Trident-News-202801813483\/","https:\/\/x.com\/trident_news"]},{"@type":"Person","@id":"https:\/\/tridentnewspaper.com\/#\/schema\/person\/f2244041a2dc6ebaa632ca1757e0c043","name":"Trident Newspaper","image":{"@type":"ImageObject","inLanguage":"fr-CA","@id":"https:\/\/tridentnewspaper.com\/#\/schema\/person\/image\/","url":"https:\/\/secure.gravatar.com\/avatar\/5793502ed1c3841a15ddc3609d2408cc?s=96&d=blank&r=g","contentUrl":"https:\/\/secure.gravatar.com\/avatar\/5793502ed1c3841a15ddc3609d2408cc?s=96&d=blank&r=g","caption":"Trident Newspaper"},"url":"https:\/\/tridentnewspaper.com\/fr\/author\/tridentnews\/"}]}},"jetpack_featured_media_url":"https:\/\/tridentnewspaper.com\/wp-content\/uploads\/2024\/08\/20240724HSM0425D029-scaled.jpg","jetpack_sharing_enabled":true,"jetpack_shortlink":"https:\/\/wp.me\/p8oCsG-3pu","_links":{"self":[{"href":"https:\/\/tridentnewspaper.com\/fr\/wp-json\/wp\/v2\/posts\/13112"}],"collection":[{"href":"https:\/\/tridentnewspaper.com\/fr\/wp-json\/wp\/v2\/posts"}],"about":[{"href":"https:\/\/tridentnewspaper.com\/fr\/wp-json\/wp\/v2\/types\/post"}],"author":[{"embeddable":true,"href":"https:\/\/tridentnewspaper.com\/fr\/wp-json\/wp\/v2\/users\/2"}],"replies":[{"embeddable":true,"href":"https:\/\/tridentnewspaper.com\/fr\/wp-json\/wp\/v2\/comments?post=13112"}],"version-history":[{"count":2,"href":"https:\/\/tridentnewspaper.com\/fr\/wp-json\/wp\/v2\/posts\/13112\/revisions"}],"predecessor-version":[{"id":13116,"href":"https:\/\/tridentnewspaper.com\/fr\/wp-json\/wp\/v2\/posts\/13112\/revisions\/13116"}],"wp:featuredmedia":[{"embeddable":true,"href":"https:\/\/tridentnewspaper.com\/fr\/wp-json\/wp\/v2\/media\/13114"}],"wp:attachment":[{"href":"https:\/\/tridentnewspaper.com\/fr\/wp-json\/wp\/v2\/media?parent=13112"}],"wp:term":[{"taxonomy":"category","embeddable":true,"href":"https:\/\/tridentnewspaper.com\/fr\/wp-json\/wp\/v2\/categories?post=13112"},{"taxonomy":"post_tag","embeddable":true,"href":"https:\/\/tridentnewspaper.com\/fr\/wp-json\/wp\/v2\/tags?post=13112"}],"curies":[{"name":"wp","href":"https:\/\/api.w.org\/{rel}","templated":true}]}}