{"id":11676,"date":"2023-11-29T13:36:24","date_gmt":"2023-11-29T17:36:24","guid":{"rendered":"https:\/\/tridentnewspaper.com\/?p=11676"},"modified":"2023-12-01T13:36:46","modified_gmt":"2023-12-01T17:36:46","slug":"a-time-to-reflect-cpl-eric-kappler","status":"publish","type":"post","link":"https:\/\/tridentnewspaper.com\/fr\/a-time-to-reflect-cpl-eric-kappler\/","title":{"rendered":"Un temps de r\u00e9flexion : Cpl Eric Kappler"},"content":{"rendered":"<div class=\"mceTemp\"><\/div>\n<figure id=\"attachment_11677\" aria-describedby=\"caption-attachment-11677\" style=\"width: 810px\" class=\"wp-caption alignnone\"><img loading=\"lazy\" decoding=\"async\" class=\"size-large wp-image-11677\" src=\"https:\/\/tridentnewspaper.com\/wp-content\/uploads\/2023\/11\/Cpl-Kappler-story-1024x819.jpg\" alt=\"\" width=\"810\" height=\"648\" srcset=\"https:\/\/tridentnewspaper.com\/wp-content\/uploads\/2023\/11\/Cpl-Kappler-story-1024x819.jpg 1024w, https:\/\/tridentnewspaper.com\/wp-content\/uploads\/2023\/11\/Cpl-Kappler-story-300x240.jpg 300w, https:\/\/tridentnewspaper.com\/wp-content\/uploads\/2023\/11\/Cpl-Kappler-story-768x614.jpg 768w, https:\/\/tridentnewspaper.com\/wp-content\/uploads\/2023\/11\/Cpl-Kappler-story-1536x1229.jpg 1536w, https:\/\/tridentnewspaper.com\/wp-content\/uploads\/2023\/11\/Cpl-Kappler-story-2048x1638.jpg 2048w, https:\/\/tridentnewspaper.com\/wp-content\/uploads\/2023\/11\/Cpl-Kappler-story-15x12.jpg 15w, https:\/\/tridentnewspaper.com\/wp-content\/uploads\/2023\/11\/Cpl-Kappler-story-431x345.jpg 431w, https:\/\/tridentnewspaper.com\/wp-content\/uploads\/2023\/11\/Cpl-Kappler-story-862x690.jpg 862w\" sizes=\"(max-width: 810px) 100vw, 810px\" \/><figcaption id=\"caption-attachment-11677\" class=\"wp-caption-text\">Le Cpl Eric Kappler est vu sur le pont d'envol du NCSM Ottawa lors d'un entra\u00eenement \u00e0 l'h\u00e9litreuillage dans la mer du Japon, le 11 novembre. L\u2019AVIATEUR GREGORY COLE<\/figcaption><\/figure>\n<h3><b>Un temps de r\u00e9flexion : Cpl Eric Kappler<\/b><\/h3>\n<p><b>Par Kateryna Bandura,<\/b><span style=\"font-weight: 400;\"><br \/>\n<\/span><span style=\"font-weight: 400;\">Le Lookout<\/span><span style=\"font-weight: 400;\"><br \/>\n<\/span><span style=\"font-weight: 400;\"><br \/>\n<\/span><span style=\"font-weight: 400;\">Pour le Caporal (Cpl) Eric Kappler, le jour du Souvenir est l&#039;occasion de r\u00e9fl\u00e9chir \u00e0 ce que sa\nfamille a donn\u00e9 en service.\u00a0<\/span><\/p>\n<p class=\" translation-block\">Le jour du Souvenir rev\u00eat une signification particuli\u00e8re pour le technicien en avionique (AVS) \u00e0\nbord du NCSM Ottawa - son grand-p\u00e8re \u00e9tait premier officier de charpente \u00e0 bord du USS\nMedusa, un navire de r\u00e9paration, lors de l&#039;attaque de Pearl Harbour. Il est difficile de ne pas\npenser aux exp\u00e9riences de combat visc\u00e9rales que son grand-p\u00e8re a v\u00e9cues et qui changent\nune personne pour toujours, affirme le Cpl Kappler.<\/p>\n<p><span style=\"font-weight: 400;\">Le Cpl Kappler a \u00e9galement re\u00e7u des marques de reconnaissance au cours de ses 16 ann\u00e9es\nde service militaire. En plus de la D\u00e9coration des Forces canadiennes, il a re\u00e7u la M\u00e9daille du\nservice sp\u00e9cial pour l&#039;op\u00e9ration (Op) Reassurance et la reconnaissance de l&#039;unit\u00e9 pour le titre de\ntechnicien du trimestre.\u00a0<\/span><\/p>\n<p><span style=\"font-weight: 400;\">La vie \u00e9tonnante et stimulante d&#039;un AVS ne se serait pas ouverte au Cpl Kappler sans son p\u00e8re,\nle sergent d&#039;\u00e9tat-major Steven Kappler, un ancien sargent d&#039;\u00e9tat-major de l&#039;arm\u00e9e de l&#039;air\nam\u00e9ricaine qui a effectu\u00e9 des missions op\u00e9rationnelles aux Pays-Bas, en Turquie et \u00e0 la base\na\u00e9rienne de Lackland, au Colorado, au sein de l&#039;\u00e9quipe d&#039;intervention d&#039;urgence et de l&#039;unit\u00e9\nd&#039;armes nucl\u00e9aires.\u00a0<\/span><\/p>\n<p><span style=\"font-weight: 400;\">Avant de rejoindre l&#039;arm\u00e9e en 2007, le Cpl Kappler travaillait dans l&#039;industrie de l&#039;\u00e9lectronique\nautomobile, o\u00f9 le travail se tarissait. Plut\u00f4t que de changer de ville pour recommencer au bas\nde l&#039;\u00e9chelle, son p\u00e8re lui a sugg\u00e9r\u00e9 de s&#039;inscrire \u00e0 l&#039;\u00e9cole pour acqu\u00e9rir les comp\u00e9tences et le\ntemp\u00e9rament n\u00e9cessaires.\u00a0<\/span><\/p>\n<p><span style=\"font-weight: 400;\">\u00ab Je n&#039;y ai pas beaucoup r\u00e9fl\u00e9chi jusqu&#039;\u00e0 ce que, quelques mois plus tard, je commence \u00e0\nexplorer ce qu&#039;impliquait mon m\u00e9tier et que je d\u00e9cide d&#039;appeler un recruteur \u00bb, explique le Cpl\nKappler. Le recruteur a demand\u00e9 au Cpl Kappler s&#039;il aimait le camping et lui a propos\u00e9 un\n\u00e9change de terres, mais le Cpl Kappler a d\u00e9cid\u00e9 d&#039;attendre le AVS.\u00a0<\/span><\/p>\n<p><span style=\"font-weight: 400;\">\u00ab Quelques semaines plus tard, c&#039;est arriv\u00e9, et je n&#039;ai plus jamais pens\u00e9 \u00e0 un autre m\u00e9tier \u00bb, dit-\nil.\u00a0<\/span><\/p>\n<p><span style=\"font-weight: 400;\">Lors de son entrevue de d\u00e9part \u00e0 Saint Jean sur Richelieu, le directeur du cours a dit que sa\ncarri\u00e8re ressemblerait \u00e0 un travail de bureau et a sugg\u00e9r\u00e9 de s&#039;attendre \u00e0 beaucoup de\npaperasse ax\u00e9e sur les d\u00e9tails. \u00c0 partir de l\u00e0, ces paroles ont \u00e9t\u00e9 r\u00e9p\u00e9t\u00e9es au fur et \u00e0 mesure\nque le Cpl Kappler progressait dans sa formation professionnelle. Mais, selon lui, \u00eatre un AVS,\nc&#039;est bien plus que travailler dans un bureau.\u00a0<\/span><\/p>\n<p><span style=\"font-weight: 400;\">Sa premi\u00e8re affectation a \u00e9t\u00e9 au 443e Escadron d&#039;h\u00e9licopt\u00e8res maritimes \u00e0 Patricia Bay, en\nColombie-Britannique, en tant qu&#039;apprenti technicien en avionique sur le CH-124 Sea King. Il\nraconte que quelques personnes ont plaisant\u00e9 sur le fait qu&#039;il \u00e9tait maintenant dans la Marine\nplut\u00f4t que dans la Force a\u00e9rienne, mais le Cpl Kappler a gard\u00e9 l&#039;esprit ouvert et a attendu de\nvoir comment les choses allaient se d\u00e9rouler une fois qu&#039;il serait devenu compagnon-technicien.\u00a0<\/span><\/p>\n<p><span style=\"font-weight: 400;\">\u00ab Mon exp\u00e9rience m&#039;a permis de m&#039;int\u00e9grer plus facilement \u00e0 l&#039;environnement naval en mer et \u00e0\nla maison, car nous continuons \u00e0 d\u00e9velopper de nouvelles fa\u00e7ons de travailler ensemble \u00bb,\nexplique-t-il. Par exemple, les op\u00e9rations des h\u00e9licopt\u00e8res embarqu\u00e9s et terrestres \u00e9voluent\npour int\u00e9grer des casques d&#039;\u00e9coute sans fil. Le Cpl Kappler estime qu&#039;il s&#039;agit d&#039;une capacit\u00e9 qui\naurait d\u00fb \u00eatre mise en place depuis longtemps et que d&#039;autres pays ont d\u00e9j\u00e0 int\u00e9gr\u00e9e.\u00a0<\/span><\/p>\n<p><span style=\"font-weight: 400;\">\u00ab C&#039;est une approche qui utilise des plates-formes de communication modernes et qui est tout \u00e0\nfait logique \u00bb, explique-t-il.\u00a0<\/span><\/p>\n<p class=\" translation-block\">Au fil des ans, le Cpl Kappler dit avoir eu plusieurs occasions d&#039;utiliser des ensembles de\ncomp\u00e9tences de base, des comp\u00e9tences sp\u00e9cialis\u00e9es et des cours de perfectionnement\nprofessionnel qui lui ont tous \u00e9t\u00e9 utiles. Il a \u00e9t\u00e9 d\u00e9ploy\u00e9 pendant RIMPAC 2012 avec le NCSM\nAlgonquin, puis avec le NCSM Protecteur pendant son dernier exercice Midpac Oiler, et avec\nles NCSM Winnipeg, Calgary, Vancouver et Regina pour divers SWOAD ( navire sans\nd\u00e9tachement a\u00e9rien pour r\u00e9cup\u00e9rer un h\u00e9licopt\u00e8re lorsque le d\u00e9tachement a\u00e9rien n&#039;est pas\nembarqu\u00e9) et d&#039;autres exercices de soutien \u00e0 l&#039;entra\u00eenement de la flotte. Il a \u00e9galement \u00e9t\u00e9\nd\u00e9ploy\u00e9 avec le NCSM Charlottetown lors de l&#039;op\u00e9ration R\u00e9assurance sur la c\u00f4te Est en 2016.\nL&#039;op\u00e9ration R\u00e9assurance lui a \u00e9galement offert une occasion unique de rendre visite \u00e0 un\nparent en Europe au lieu de rentrer directement de France. Il en a profit\u00e9 pour traverser les\nAlpes en voiture depuis la France et s&#039;est retrouv\u00e9 en Belgique - un sentiment que le Cpl\nKappler dit ne jamais oublier.<\/p>\n<p class=\" translation-block\">L&#039;exercice Midpac Oiler a \u00e9t\u00e9 le moment le plus m\u00e9morable de sa carri\u00e8re et l&#039;une des situations\nles plus intenses que le Cpl Kappler ait v\u00e9cues. Le NCSM Protecteur se trouvait \u00e0 300 milles de\nla c\u00f4te d&#039;Oahu, sur le chemin du retour, lorsque la salle des machines a subi un incendie\ncatastrophique en raison de la rupture d&#039;une conduite d&#039;huile sur le moteur principal, qui a\nprojet\u00e9 de l&#039;huile atomis\u00e9e dans l&#039;espace, laquelle s&#039;est ensuite enflamm\u00e9e, produisant un feu\nsuffisamment chaud pour d\u00e9former les passerelles et faire fondre le verre sur les jauges.\nPendant cette p\u00e9riode, le Cpl Kappler a \u00e9t\u00e9 d\u00e9ploy\u00e9 en tant que manutentionnaire du pont\nd&#039;envol.<\/p>\n<p><span style=\"font-weight: 400;\">\u00ab Il y a eu des le\u00e7ons \u00e0 tirer de la fa\u00e7on dont les dommages ont \u00e9t\u00e9 g\u00e9r\u00e9s, le\u00e7ons qui ont \u00e9t\u00e9\nint\u00e9gr\u00e9es dans les doctrines d'entra\u00eenement actuelles \u00bb, explique le Cpl Kappler.\u00a0<\/span><\/p>\n<p><span style=\"font-weight: 400;\">Les le\u00e7ons de vie que le Cpl Kappler a tir\u00e9es de son parcours de croissance personnelle\nconsistent \u00e0 en apprendre davantage sur le syndrome de stress post-traumatique (SSPT) et \u00e0\ntrouver des ressources pour les membres des Forces arm\u00e9es canadiennes (FAC). Il a trouv\u00e9 un \u00e9cho \u00e0 cette qu\u00eate dans le livre A Soldier First (Un soldat d'abord) du g\u00e9n\u00e9ral (\u00e0 la retraite) Rick\nHillier.\u00a0<\/span><\/p>\n<p><span style=\"font-weight: 400;\">\u00ab Son livre a jet\u00e9 une lumi\u00e8re tr\u00e8s importante sur les lacunes des ressources en sant\u00e9 mentale\ndans les FAC \u00e0 l&#039;\u00e9poque. Dire qu&#039;il a touch\u00e9 une corde sensible chez moi serait un euph\u00e9misme\n\u00bb, d\u00e9clare le Cpl Kappler. \u00ab Nous sommes socialement conditionn\u00e9s \u00e0 attendre des militaires\nqu&#039;ils soient \u00e0 l&#039;\u00e9preuve des balles. Rien n&#039;est plus \u00e9loign\u00e9 de la v\u00e9rit\u00e9... Je crois que nous\npouvons faire beaucoup plus pour ceux qui vivent avec des probl\u00e8mes de sant\u00e9 mentale et\nr\u00e9\u00e9valuer les raisons pour lesquelles les membres craignent encore des repr\u00e9sailles lorsqu&#039;ils\nsignalent des choses ou des styles de leadership qui ne fonctionnent pas. \u00bb\u00a0<\/span><\/p>\n<p><span style=\"font-weight: 400;\">Le fait de vivre des exp\u00e9riences intenses a encourag\u00e9 le Cpl Kappler \u00e0 agir comme mentor et \u00e0\ntransmettre aux autres les le\u00e7ons qu&#039;il a apprises. Au cours de son d\u00e9ploiement actuel \u00e0 bord\ndu NCSM Ottawa, le Cpl Kappler dit qu&#039;il a aid\u00e9 \u00e0 encadrer un jeune technicien AVS qui s&#039;est\nd\u00e9velopp\u00e9 tant sur le plan professionnel que personnel. <\/span><i><span style=\"font-weight: 400;\">Ottawa<\/span><\/i><span style=\"font-weight: 400;\">, Cpl Kappler says he helped mentor a junior AVS Technician who grew both professionally and personally.\u00a0<\/span><\/p>\n<p><span style=\"font-weight: 400;\">\u00ab Je m&#039;assure que ceux qui m&#039;ont mis sur la voie du succ\u00e8s le savent et j&#039;essaie de donner\nl&#039;exemple de ces qualit\u00e9s \u00e0 ceux qui peuvent en b\u00e9n\u00e9ficier \u00bb, d\u00e9clare le Cpl Kappler. \u00ab Pour\nmoi, l&#039;impact le plus important a \u00e9t\u00e9 de partager mes connaissances avec des membres juniors\net de les voir se d\u00e9velopper, utiliser de nouvelles comp\u00e9tences et s&#039;\u00e9panouir\nprofessionnellement. C&#039;est une satisfaction en soi. \u00bb\u00a0<\/span><\/p>\n<p><span style=\"font-weight: 400;\">Le Cpl Kappler conseillerait \u00e0 ceux qui commencent leur carri\u00e8re militaire de rechercher des\npossibilit\u00e9s de formation.\u00a0<\/span><\/p>\n<p><span style=\"font-weight: 400;\">\u00ab Acqu\u00e9rir des comp\u00e9tences monnayables qui vous serviront longtemps apr\u00e8s la fin de votre\nservice \u00bb, dit-il.<\/span><\/p>","protected":false},"excerpt":{"rendered":"<p>A time to reflect: Cpl Eric Kappler By Kateryna Bandura, The Lookout Corporal (Cpl) Eric Kappler sees Remembrance Day as a time to reflect on what his family has given in service.\u00a0 Remembrance Day holds special meaning for the Avionics Technician (AVS) aboard HMCS Ottawa \u2013 his grandfather was a [&hellip;]<\/p>","protected":false},"author":2,"featured_media":11677,"comment_status":"closed","ping_status":"closed","sticky":false,"template":"","format":"standard","meta":{"_monsterinsights_skip_tracking":false,"_monsterinsights_sitenote_active":false,"_monsterinsights_sitenote_note":"","_monsterinsights_sitenote_category":0,"jetpack_post_was_ever_published":false,"_jetpack_newsletter_access":"","_jetpack_dont_email_post_to_subs":false,"_jetpack_newsletter_tier_id":0,"_jetpack_memberships_contains_paywalled_content":false,"footnotes":"","_jetpack_memberships_contains_paid_content":false,"jetpack_publicize_message":"","jetpack_publicize_feature_enabled":true,"jetpack_social_post_already_shared":true,"jetpack_social_options":{"image_generator_settings":{"template":"highway","enabled":false}}},"categories":[13],"tags":[],"jetpack_publicize_connections":[],"yoast_head":"<!-- This site is optimized with the Yoast SEO plugin v22.6 - https:\/\/yoast.com\/wordpress\/plugins\/seo\/ -->\n<title>A time to reflect: Cpl Eric Kappler | Trident Newspaper<\/title>\n<meta name=\"robots\" content=\"index, follow, max-snippet:-1, max-image-preview:large, max-video-preview:-1\" \/>\n<link rel=\"canonical\" href=\"https:\/\/tridentnewspaper.com\/fr\/a-time-to-reflect-cpl-eric-kappler\/\" \/>\n<meta property=\"og:locale\" content=\"fr_CA\" \/>\n<meta property=\"og:type\" content=\"article\" \/>\n<meta property=\"og:title\" content=\"A time to reflect: Cpl Eric Kappler | Trident Newspaper\" \/>\n<meta property=\"og:description\" content=\"A time to reflect: Cpl Eric Kappler By Kateryna Bandura, The Lookout Corporal (Cpl) Eric Kappler sees Remembrance Day as a time to reflect on what his family has given in service.\u00a0 Remembrance Day holds special meaning for the Avionics Technician (AVS) aboard HMCS Ottawa \u2013 his grandfather was a [&hellip;]\" \/>\n<meta property=\"og:url\" content=\"https:\/\/tridentnewspaper.com\/fr\/a-time-to-reflect-cpl-eric-kappler\/\" \/>\n<meta property=\"og:site_name\" content=\"Trident Newspaper\" \/>\n<meta property=\"article:publisher\" content=\"https:\/\/www.facebook.com\/Trident-News-202801813483\/\" \/>\n<meta property=\"article:published_time\" content=\"2023-11-29T17:36:24+00:00\" \/>\n<meta property=\"article:modified_time\" content=\"2023-12-01T17:36:46+00:00\" \/>\n<meta property=\"og:image\" content=\"https:\/\/tridentnewspaper.com\/wp-content\/uploads\/2023\/11\/Cpl-Kappler-story-scaled.jpg\" \/>\n\t<meta property=\"og:image:width\" content=\"2560\" \/>\n\t<meta property=\"og:image:height\" content=\"2048\" \/>\n\t<meta property=\"og:image:type\" content=\"image\/jpeg\" \/>\n<meta name=\"author\" content=\"Trident Newspaper\" \/>\n<meta name=\"twitter:card\" content=\"summary_large_image\" \/>\n<meta name=\"twitter:creator\" content=\"@trident_news\" \/>\n<meta name=\"twitter:site\" content=\"@trident_news\" \/>\n<meta name=\"twitter:label1\" content=\"\u00c9crit par\" \/>\n\t<meta name=\"twitter:data1\" content=\"Trident Newspaper\" \/>\n\t<meta name=\"twitter:label2\" content=\"Estimation du temps de lecture\" \/>\n\t<meta name=\"twitter:data2\" content=\"5 minutes\" \/>\n<script type=\"application\/ld+json\" class=\"yoast-schema-graph\">{\"@context\":\"https:\/\/schema.org\",\"@graph\":[{\"@type\":\"Article\",\"@id\":\"https:\/\/tridentnewspaper.com\/a-time-to-reflect-cpl-eric-kappler\/#article\",\"isPartOf\":{\"@id\":\"https:\/\/tridentnewspaper.com\/a-time-to-reflect-cpl-eric-kappler\/\"},\"author\":{\"name\":\"Trident Newspaper\",\"@id\":\"https:\/\/tridentnewspaper.com\/#\/schema\/person\/f2244041a2dc6ebaa632ca1757e0c043\"},\"headline\":\"A time to reflect: Cpl Eric Kappler\",\"datePublished\":\"2023-11-29T17:36:24+00:00\",\"dateModified\":\"2023-12-01T17:36:46+00:00\",\"mainEntityOfPage\":{\"@id\":\"https:\/\/tridentnewspaper.com\/a-time-to-reflect-cpl-eric-kappler\/\"},\"wordCount\":1049,\"publisher\":{\"@id\":\"https:\/\/tridentnewspaper.com\/#organization\"},\"image\":{\"@id\":\"https:\/\/tridentnewspaper.com\/a-time-to-reflect-cpl-eric-kappler\/#primaryimage\"},\"thumbnailUrl\":\"https:\/\/tridentnewspaper.com\/wp-content\/uploads\/2023\/11\/Cpl-Kappler-story-scaled.jpg\",\"articleSection\":[\"News\"],\"inLanguage\":\"fr-CA\"},{\"@type\":\"WebPage\",\"@id\":\"https:\/\/tridentnewspaper.com\/a-time-to-reflect-cpl-eric-kappler\/\",\"url\":\"https:\/\/tridentnewspaper.com\/a-time-to-reflect-cpl-eric-kappler\/\",\"name\":\"A time to reflect: Cpl Eric Kappler | Trident Newspaper\",\"isPartOf\":{\"@id\":\"https:\/\/tridentnewspaper.com\/#website\"},\"primaryImageOfPage\":{\"@id\":\"https:\/\/tridentnewspaper.com\/a-time-to-reflect-cpl-eric-kappler\/#primaryimage\"},\"image\":{\"@id\":\"https:\/\/tridentnewspaper.com\/a-time-to-reflect-cpl-eric-kappler\/#primaryimage\"},\"thumbnailUrl\":\"https:\/\/tridentnewspaper.com\/wp-content\/uploads\/2023\/11\/Cpl-Kappler-story-scaled.jpg\",\"datePublished\":\"2023-11-29T17:36:24+00:00\",\"dateModified\":\"2023-12-01T17:36:46+00:00\",\"breadcrumb\":{\"@id\":\"https:\/\/tridentnewspaper.com\/a-time-to-reflect-cpl-eric-kappler\/#breadcrumb\"},\"inLanguage\":\"fr-CA\",\"potentialAction\":[{\"@type\":\"ReadAction\",\"target\":[\"https:\/\/tridentnewspaper.com\/a-time-to-reflect-cpl-eric-kappler\/\"]}]},{\"@type\":\"ImageObject\",\"inLanguage\":\"fr-CA\",\"@id\":\"https:\/\/tridentnewspaper.com\/a-time-to-reflect-cpl-eric-kappler\/#primaryimage\",\"url\":\"https:\/\/tridentnewspaper.com\/wp-content\/uploads\/2023\/11\/Cpl-Kappler-story-scaled.jpg\",\"contentUrl\":\"https:\/\/tridentnewspaper.com\/wp-content\/uploads\/2023\/11\/Cpl-Kappler-story-scaled.jpg\",\"width\":2560,\"height\":2048,\"caption\":\"Cpl Eric Kappler is seen on the flight deck of HMCS Ottawa during hoist training in the Sea of Japan on November 11. AVIATOR GREGORY COLE\"},{\"@type\":\"BreadcrumbList\",\"@id\":\"https:\/\/tridentnewspaper.com\/a-time-to-reflect-cpl-eric-kappler\/#breadcrumb\",\"itemListElement\":[{\"@type\":\"ListItem\",\"position\":1,\"name\":\"Home\",\"item\":\"https:\/\/tridentnewspaper.com\/\"},{\"@type\":\"ListItem\",\"position\":2,\"name\":\"A time to reflect: Cpl Eric Kappler\"}]},{\"@type\":\"WebSite\",\"@id\":\"https:\/\/tridentnewspaper.com\/#website\",\"url\":\"https:\/\/tridentnewspaper.com\/\",\"name\":\"Trident Newspaper\",\"description\":\"CFB Halifax Trident Navy Newspaper\",\"publisher\":{\"@id\":\"https:\/\/tridentnewspaper.com\/#organization\"},\"potentialAction\":[{\"@type\":\"SearchAction\",\"target\":{\"@type\":\"EntryPoint\",\"urlTemplate\":\"https:\/\/tridentnewspaper.com\/?s={search_term_string}\"},\"query-input\":\"required name=search_term_string\"}],\"inLanguage\":\"fr-CA\"},{\"@type\":\"Organization\",\"@id\":\"https:\/\/tridentnewspaper.com\/#organization\",\"name\":\"Trident Newspaper\",\"url\":\"https:\/\/tridentnewspaper.com\/\",\"logo\":{\"@type\":\"ImageObject\",\"inLanguage\":\"fr-CA\",\"@id\":\"https:\/\/tridentnewspaper.com\/#\/schema\/logo\/image\/\",\"url\":\"https:\/\/tridentnewspaper.com\/wp-content\/uploads\/2017\/01\/Trident_Masthead_New_med.png\",\"contentUrl\":\"https:\/\/tridentnewspaper.com\/wp-content\/uploads\/2017\/01\/Trident_Masthead_New_med.png\",\"width\":719,\"height\":181,\"caption\":\"Trident Newspaper\"},\"image\":{\"@id\":\"https:\/\/tridentnewspaper.com\/#\/schema\/logo\/image\/\"},\"sameAs\":[\"https:\/\/www.facebook.com\/Trident-News-202801813483\/\",\"https:\/\/x.com\/trident_news\"]},{\"@type\":\"Person\",\"@id\":\"https:\/\/tridentnewspaper.com\/#\/schema\/person\/f2244041a2dc6ebaa632ca1757e0c043\",\"name\":\"Trident Newspaper\",\"image\":{\"@type\":\"ImageObject\",\"inLanguage\":\"fr-CA\",\"@id\":\"https:\/\/tridentnewspaper.com\/#\/schema\/person\/image\/\",\"url\":\"https:\/\/secure.gravatar.com\/avatar\/5793502ed1c3841a15ddc3609d2408cc?s=96&d=blank&r=g\",\"contentUrl\":\"https:\/\/secure.gravatar.com\/avatar\/5793502ed1c3841a15ddc3609d2408cc?s=96&d=blank&r=g\",\"caption\":\"Trident Newspaper\"},\"url\":\"https:\/\/tridentnewspaper.com\/fr\/author\/tridentnews\/\"}]}<\/script>\n<!-- \/ Yoast SEO plugin. -->","yoast_head_json":{"title":"A time to reflect: Cpl Eric Kappler | Trident Newspaper","robots":{"index":"index","follow":"follow","max-snippet":"max-snippet:-1","max-image-preview":"max-image-preview:large","max-video-preview":"max-video-preview:-1"},"canonical":"https:\/\/tridentnewspaper.com\/fr\/a-time-to-reflect-cpl-eric-kappler\/","og_locale":"fr_CA","og_type":"article","og_title":"A time to reflect: Cpl Eric Kappler | Trident Newspaper","og_description":"A time to reflect: Cpl Eric Kappler By Kateryna Bandura, The Lookout Corporal (Cpl) Eric Kappler sees Remembrance Day as a time to reflect on what his family has given in service.\u00a0 Remembrance Day holds special meaning for the Avionics Technician (AVS) aboard HMCS Ottawa \u2013 his grandfather was a [&hellip;]","og_url":"https:\/\/tridentnewspaper.com\/fr\/a-time-to-reflect-cpl-eric-kappler\/","og_site_name":"Trident Newspaper","article_publisher":"https:\/\/www.facebook.com\/Trident-News-202801813483\/","article_published_time":"2023-11-29T17:36:24+00:00","article_modified_time":"2023-12-01T17:36:46+00:00","og_image":[{"width":2560,"height":2048,"url":"https:\/\/tridentnewspaper.com\/wp-content\/uploads\/2023\/11\/Cpl-Kappler-story-scaled.jpg","type":"image\/jpeg"}],"author":"Trident Newspaper","twitter_card":"summary_large_image","twitter_creator":"@trident_news","twitter_site":"@trident_news","twitter_misc":{"\u00c9crit par":"Trident Newspaper","Estimation du temps de lecture":"5 minutes"},"schema":{"@context":"https:\/\/schema.org","@graph":[{"@type":"Article","@id":"https:\/\/tridentnewspaper.com\/a-time-to-reflect-cpl-eric-kappler\/#article","isPartOf":{"@id":"https:\/\/tridentnewspaper.com\/a-time-to-reflect-cpl-eric-kappler\/"},"author":{"name":"Trident Newspaper","@id":"https:\/\/tridentnewspaper.com\/#\/schema\/person\/f2244041a2dc6ebaa632ca1757e0c043"},"headline":"A time to reflect: Cpl Eric Kappler","datePublished":"2023-11-29T17:36:24+00:00","dateModified":"2023-12-01T17:36:46+00:00","mainEntityOfPage":{"@id":"https:\/\/tridentnewspaper.com\/a-time-to-reflect-cpl-eric-kappler\/"},"wordCount":1049,"publisher":{"@id":"https:\/\/tridentnewspaper.com\/#organization"},"image":{"@id":"https:\/\/tridentnewspaper.com\/a-time-to-reflect-cpl-eric-kappler\/#primaryimage"},"thumbnailUrl":"https:\/\/tridentnewspaper.com\/wp-content\/uploads\/2023\/11\/Cpl-Kappler-story-scaled.jpg","articleSection":["News"],"inLanguage":"fr-CA"},{"@type":"WebPage","@id":"https:\/\/tridentnewspaper.com\/a-time-to-reflect-cpl-eric-kappler\/","url":"https:\/\/tridentnewspaper.com\/a-time-to-reflect-cpl-eric-kappler\/","name":"A time to reflect: Cpl Eric Kappler | Trident Newspaper","isPartOf":{"@id":"https:\/\/tridentnewspaper.com\/#website"},"primaryImageOfPage":{"@id":"https:\/\/tridentnewspaper.com\/a-time-to-reflect-cpl-eric-kappler\/#primaryimage"},"image":{"@id":"https:\/\/tridentnewspaper.com\/a-time-to-reflect-cpl-eric-kappler\/#primaryimage"},"thumbnailUrl":"https:\/\/tridentnewspaper.com\/wp-content\/uploads\/2023\/11\/Cpl-Kappler-story-scaled.jpg","datePublished":"2023-11-29T17:36:24+00:00","dateModified":"2023-12-01T17:36:46+00:00","breadcrumb":{"@id":"https:\/\/tridentnewspaper.com\/a-time-to-reflect-cpl-eric-kappler\/#breadcrumb"},"inLanguage":"fr-CA","potentialAction":[{"@type":"ReadAction","target":["https:\/\/tridentnewspaper.com\/a-time-to-reflect-cpl-eric-kappler\/"]}]},{"@type":"ImageObject","inLanguage":"fr-CA","@id":"https:\/\/tridentnewspaper.com\/a-time-to-reflect-cpl-eric-kappler\/#primaryimage","url":"https:\/\/tridentnewspaper.com\/wp-content\/uploads\/2023\/11\/Cpl-Kappler-story-scaled.jpg","contentUrl":"https:\/\/tridentnewspaper.com\/wp-content\/uploads\/2023\/11\/Cpl-Kappler-story-scaled.jpg","width":2560,"height":2048,"caption":"Cpl Eric Kappler is seen on the flight deck of HMCS Ottawa during hoist training in the Sea of Japan on November 11. AVIATOR GREGORY COLE"},{"@type":"BreadcrumbList","@id":"https:\/\/tridentnewspaper.com\/a-time-to-reflect-cpl-eric-kappler\/#breadcrumb","itemListElement":[{"@type":"ListItem","position":1,"name":"Home","item":"https:\/\/tridentnewspaper.com\/"},{"@type":"ListItem","position":2,"name":"A time to reflect: Cpl Eric Kappler"}]},{"@type":"WebSite","@id":"https:\/\/tridentnewspaper.com\/#website","url":"https:\/\/tridentnewspaper.com\/","name":"Trident Newspaper","description":"CFB Halifax Trident Navy Newspaper","publisher":{"@id":"https:\/\/tridentnewspaper.com\/#organization"},"potentialAction":[{"@type":"SearchAction","target":{"@type":"EntryPoint","urlTemplate":"https:\/\/tridentnewspaper.com\/?s={search_term_string}"},"query-input":"required name=search_term_string"}],"inLanguage":"fr-CA"},{"@type":"Organization","@id":"https:\/\/tridentnewspaper.com\/#organization","name":"Trident Newspaper","url":"https:\/\/tridentnewspaper.com\/","logo":{"@type":"ImageObject","inLanguage":"fr-CA","@id":"https:\/\/tridentnewspaper.com\/#\/schema\/logo\/image\/","url":"https:\/\/tridentnewspaper.com\/wp-content\/uploads\/2017\/01\/Trident_Masthead_New_med.png","contentUrl":"https:\/\/tridentnewspaper.com\/wp-content\/uploads\/2017\/01\/Trident_Masthead_New_med.png","width":719,"height":181,"caption":"Trident Newspaper"},"image":{"@id":"https:\/\/tridentnewspaper.com\/#\/schema\/logo\/image\/"},"sameAs":["https:\/\/www.facebook.com\/Trident-News-202801813483\/","https:\/\/x.com\/trident_news"]},{"@type":"Person","@id":"https:\/\/tridentnewspaper.com\/#\/schema\/person\/f2244041a2dc6ebaa632ca1757e0c043","name":"Trident Newspaper","image":{"@type":"ImageObject","inLanguage":"fr-CA","@id":"https:\/\/tridentnewspaper.com\/#\/schema\/person\/image\/","url":"https:\/\/secure.gravatar.com\/avatar\/5793502ed1c3841a15ddc3609d2408cc?s=96&d=blank&r=g","contentUrl":"https:\/\/secure.gravatar.com\/avatar\/5793502ed1c3841a15ddc3609d2408cc?s=96&d=blank&r=g","caption":"Trident Newspaper"},"url":"https:\/\/tridentnewspaper.com\/fr\/author\/tridentnews\/"}]}},"jetpack_featured_media_url":"https:\/\/tridentnewspaper.com\/wp-content\/uploads\/2023\/11\/Cpl-Kappler-story-scaled.jpg","jetpack_sharing_enabled":true,"jetpack_shortlink":"https:\/\/wp.me\/p8oCsG-32k","_links":{"self":[{"href":"https:\/\/tridentnewspaper.com\/fr\/wp-json\/wp\/v2\/posts\/11676"}],"collection":[{"href":"https:\/\/tridentnewspaper.com\/fr\/wp-json\/wp\/v2\/posts"}],"about":[{"href":"https:\/\/tridentnewspaper.com\/fr\/wp-json\/wp\/v2\/types\/post"}],"author":[{"embeddable":true,"href":"https:\/\/tridentnewspaper.com\/fr\/wp-json\/wp\/v2\/users\/2"}],"replies":[{"embeddable":true,"href":"https:\/\/tridentnewspaper.com\/fr\/wp-json\/wp\/v2\/comments?post=11676"}],"version-history":[{"count":1,"href":"https:\/\/tridentnewspaper.com\/fr\/wp-json\/wp\/v2\/posts\/11676\/revisions"}],"predecessor-version":[{"id":11678,"href":"https:\/\/tridentnewspaper.com\/fr\/wp-json\/wp\/v2\/posts\/11676\/revisions\/11678"}],"wp:featuredmedia":[{"embeddable":true,"href":"https:\/\/tridentnewspaper.com\/fr\/wp-json\/wp\/v2\/media\/11677"}],"wp:attachment":[{"href":"https:\/\/tridentnewspaper.com\/fr\/wp-json\/wp\/v2\/media?parent=11676"}],"wp:term":[{"taxonomy":"category","embeddable":true,"href":"https:\/\/tridentnewspaper.com\/fr\/wp-json\/wp\/v2\/categories?post=11676"},{"taxonomy":"post_tag","embeddable":true,"href":"https:\/\/tridentnewspaper.com\/fr\/wp-json\/wp\/v2\/tags?post=11676"}],"curies":[{"name":"wp","href":"https:\/\/api.w.org\/{rel}","templated":true}]}}